{"id":52013,"date":"2016-04-05T11:27:55","date_gmt":"2016-04-05T09:27:55","guid":{"rendered":"http:\/\/cetr.net\/?p=52013&#038;lang=en"},"modified":"2016-04-12T16:14:43","modified_gmt":"2016-04-12T14:14:43","slug":"cetrs-team","status":"publish","type":"post","link":"https:\/\/cetr.net\/en\/cetrs-team\/","title":{"rendered":"CETR&#8217;s team"},"content":{"rendered":"<div class=\"wpb-content-wrapper\">[vc_row full_width=&#8221;&#8221; parallax_image=&#8221;&#8221; visibility=&#8221;&#8221; css_animation=&#8221;&#8221; center_row=&#8221;&#8221; typography_style=&#8221;&#8221; column_spacing=&#8221;&#8221; tablet_fullwidth_cols=&#8221;&#8221; bg_style=&#8221;&#8221; parallax=&#8221;&#8221; parallax_mobile=&#8221;&#8221; parallax_style=&#8221;&#8221; parallax_direction=&#8221;&#8221; video_bg=&#8221;&#8221; video_bg_overlay=&#8221;&#8221; border_style=&#8221;&#8221;][vc_column width=&#8221;1\/1&#8243; style=&#8221;&#8221; visibility=&#8221;&#8221; css_animation=&#8221;&#8221; typo_style=&#8221;&#8221; drop_shadow=&#8221;&#8221; bg_style=&#8221;&#8221; border_style=&#8221;&#8221;]<div class=\"vcex-module vcex-staff-grid-wrap wpex-clr\"><div class=\"wpex-row vcex-staff-grid entries wpex-clr\"><div class=\"staff-entry vcex-grid-item span_1_of_3 col col-1 has-readmore entry post-52230 type-staff has-media cat-241\"><div class=\"staff-entry-inner entry-inner wpex-first-mt-0 wpex-last-mb-0 wpex-clr\"><div class=\"staff-entry-media entry-media wpex-relative wpex-mb-20\"><a href=\"https:\/\/cetr.net\/en\/staff-member\/maria-corbi\/\" title=\"Mari\u00e0 Corb\u00ed\" class=\"staff-entry-media-link\"><img width=\"97\" height=\"128\" src=\"https:\/\/cetr.net\/wp-content\/uploads\/2016\/04\/maria-corbi.jpg\" class=\"staff-entry-media-img staff-entry-img wpex-align-middle wpex-align-middle\" alt=\"maria corbi\" loading=\"lazy\" decoding=\"async\" \/><\/a><\/div><div class=\"staff-entry-details entry-details wpex-first-mt-0 wpex-last-mb-0 wpex-clr\"><h2 class=\"staff-entry-title entry-title wpex-mb-5\"><a href=\"https:\/\/cetr.net\/en\/staff-member\/maria-corbi\/\">Mari\u00e0 Corb\u00ed<\/a><\/h2><div class=\"staff-entry-excerpt entry-excerpt wpex-my-15 wpex-text-pretty wpex-last-mb-0 wpex-clr\"><p>Director de CETR. Llicenciat en teologia i doctor en filosofia, Corb\u00ed ha estat professor a ESADE, a la Fundaci\u00f3 Vidal i Barraquer i a l\u2019Institut de Teologia Fonamental de Barcelona&hellip;<\/p><\/div><div class=\"staff-entry-readmore-wrap entry-readmore-wrap wpex-my-15 wpex-clr\"><a href=\"https:\/\/cetr.net\/en\/staff-member\/maria-corbi\/\" class=\"theme-button\" aria-label=\"Read More about Mari\u00e0 Corb\u00ed\">Read More<\/a><\/div><\/div><\/div><\/div><div class=\"staff-entry vcex-grid-item span_1_of_3 col col-2 has-readmore entry post-52232 type-staff has-media cat-241 translation_priority-534\"><div class=\"staff-entry-inner entry-inner wpex-first-mt-0 wpex-last-mb-0 wpex-clr\"><div class=\"staff-entry-media entry-media wpex-relative wpex-mb-20\"><a href=\"https:\/\/cetr.net\/en\/staff-member\/marta-granes\/\" title=\"Marta Gran\u00e9s\" class=\"staff-entry-media-link\"><img width=\"106\" height=\"128\" src=\"https:\/\/cetr.net\/wp-content\/uploads\/2016\/04\/marta-granes.jpg\" class=\"staff-entry-media-img staff-entry-img wpex-align-middle wpex-align-middle\" alt=\"\" loading=\"lazy\" decoding=\"async\" \/><\/a><\/div><div class=\"staff-entry-details entry-details wpex-first-mt-0 wpex-last-mb-0 wpex-clr\"><h2 class=\"staff-entry-title entry-title wpex-mb-5\"><a href=\"https:\/\/cetr.net\/en\/staff-member\/marta-granes\/\">Marta Gran\u00e9s<\/a><\/h2><div class=\"staff-entry-excerpt entry-excerpt wpex-my-15 wpex-text-pretty wpex-last-mb-0 wpex-clr\"><p>Llicenciada en Estudis sobre l\u2019\u00c0sia Oriental i P\u00e8rit agr\u00edcola, est\u00e0 treballant en la seva tesi doctoral. Coordina la gesti\u00f3 del Centre i forma part de l\u2019equip d\u2019investigaci\u00f3 sobre temes relacionats&hellip;<\/p><\/div><div class=\"staff-entry-readmore-wrap entry-readmore-wrap wpex-my-15 wpex-clr\"><a href=\"https:\/\/cetr.net\/en\/staff-member\/marta-granes\/\" class=\"theme-button\" aria-label=\"Read More about Marta Gran\u00e9s\">Read More<\/a><\/div><\/div><\/div><\/div><div class=\"staff-entry vcex-grid-item span_1_of_3 col col-3 has-readmore entry post-52234 type-staff has-media cat-241\"><div class=\"staff-entry-inner entry-inner wpex-first-mt-0 wpex-last-mb-0 wpex-clr\"><div class=\"staff-entry-media entry-media wpex-relative wpex-mb-20\"><a href=\"https:\/\/cetr.net\/en\/staff-member\/montse-cucarull\/\" title=\"Montse Cucarull\" class=\"staff-entry-media-link\"><img width=\"106\" height=\"128\" src=\"https:\/\/cetr.net\/wp-content\/uploads\/2016\/04\/montse-cucurull.jpg\" class=\"staff-entry-media-img staff-entry-img wpex-align-middle wpex-align-middle\" alt=\"montse cucurull\" loading=\"lazy\" decoding=\"async\" \/><\/a><\/div><div class=\"staff-entry-details entry-details wpex-first-mt-0 wpex-last-mb-0 wpex-clr\"><h2 class=\"staff-entry-title entry-title wpex-mb-5\"><a href=\"https:\/\/cetr.net\/en\/staff-member\/montse-cucarull\/\">Montse Cucarull<\/a><\/h2><div class=\"staff-entry-excerpt entry-excerpt wpex-my-15 wpex-text-pretty wpex-last-mb-0 wpex-clr\"><p>Llicenciada en Farm\u00e0cia i en Ci\u00e8ncies Qu\u00edmiques. Investigadora del CETR<\/p><\/div><div class=\"staff-entry-readmore-wrap entry-readmore-wrap wpex-my-15 wpex-clr\"><a href=\"https:\/\/cetr.net\/en\/staff-member\/montse-cucarull\/\" class=\"theme-button\" aria-label=\"Read More about Montse Cucarull\">Read More<\/a><\/div><\/div><\/div><\/div><div class=\"staff-entry vcex-grid-item span_1_of_3 col col-1 has-readmore entry post-52236 type-staff has-media cat-241\"><div class=\"staff-entry-inner entry-inner wpex-first-mt-0 wpex-last-mb-0 wpex-clr\"><div class=\"staff-entry-media entry-media wpex-relative wpex-mb-20\"><a href=\"https:\/\/cetr.net\/en\/staff-member\/maria-fradera\/\" title=\"Maria Fradera\" class=\"staff-entry-media-link\"><img width=\"106\" height=\"128\" src=\"https:\/\/cetr.net\/wp-content\/uploads\/2016\/04\/maria-fradera.jpg\" class=\"staff-entry-media-img staff-entry-img wpex-align-middle wpex-align-middle\" alt=\"maria fradera\" loading=\"lazy\" decoding=\"async\" \/><\/a><\/div><div class=\"staff-entry-details entry-details wpex-first-mt-0 wpex-last-mb-0 wpex-clr\"><h2 class=\"staff-entry-title entry-title wpex-mb-5\"><a href=\"https:\/\/cetr.net\/en\/staff-member\/maria-fradera\/\">Maria Fradera<\/a><\/h2><div class=\"staff-entry-excerpt entry-excerpt wpex-my-15 wpex-text-pretty wpex-last-mb-0 wpex-clr\"><p>\u00c9s mestra i professora de yoga, coordina l\u2019equip de Did\u00e0ctica, valors i qualitat humana. Ha col\u00b7laborat amb Interm\u00f3n Oxfam en l\u2019elaboraci\u00f3 de materials did\u00e0ctics (Maleta pedag\u00f3gica). Entre les seves publicacions&hellip;<\/p><\/div><div class=\"staff-entry-readmore-wrap entry-readmore-wrap wpex-my-15 wpex-clr\"><a href=\"https:\/\/cetr.net\/en\/staff-member\/maria-fradera\/\" class=\"theme-button\" aria-label=\"Read More about Maria Fradera\">Read More<\/a><\/div><\/div><\/div><\/div><div class=\"staff-entry vcex-grid-item span_1_of_3 col col-2 has-readmore entry post-52238 type-staff has-media cat-241\"><div class=\"staff-entry-inner entry-inner wpex-first-mt-0 wpex-last-mb-0 wpex-clr\"><div class=\"staff-entry-media entry-media wpex-relative wpex-mb-20\"><a href=\"https:\/\/cetr.net\/en\/staff-member\/teresa-guardans\/\" title=\"Teresa Guardans\" class=\"staff-entry-media-link\"><img width=\"106\" height=\"128\" src=\"https:\/\/cetr.net\/wp-content\/uploads\/2016\/04\/teresa-guardans.jpg\" class=\"staff-entry-media-img staff-entry-img wpex-align-middle wpex-align-middle\" alt=\"teresa guardans\" loading=\"lazy\" decoding=\"async\" \/><\/a><\/div><div class=\"staff-entry-details entry-details wpex-first-mt-0 wpex-last-mb-0 wpex-clr\"><h2 class=\"staff-entry-title entry-title wpex-mb-5\"><a href=\"https:\/\/cetr.net\/en\/staff-member\/teresa-guardans\/\">Teresa Guardans<\/a><\/h2><div class=\"staff-entry-excerpt entry-excerpt wpex-my-15 wpex-text-pretty wpex-last-mb-0 wpex-clr\"><p>Llicenciada en filologia, Documentalista i doctora en Humanitats, forma part de l\u2019equip de recerca Did\u00e0ctica, valors i qualitat humana. \u00c9s autora de: El saber marginat (Edicions 62, 1997), Les religions:&hellip;<\/p><\/div><div class=\"staff-entry-readmore-wrap entry-readmore-wrap wpex-my-15 wpex-clr\"><a href=\"https:\/\/cetr.net\/en\/staff-member\/teresa-guardans\/\" class=\"theme-button\" aria-label=\"Read More about Teresa Guardans\">Read More<\/a><\/div><\/div><\/div><\/div><div class=\"staff-entry vcex-grid-item span_1_of_3 col col-3 has-readmore entry post-52240 type-staff has-media cat-241\"><div class=\"staff-entry-inner entry-inner wpex-first-mt-0 wpex-last-mb-0 wpex-clr\"><div class=\"staff-entry-media entry-media wpex-relative wpex-mb-20\"><a href=\"https:\/\/cetr.net\/en\/staff-member\/salvador-junca\/\" title=\"Salvador Junc\u00e0\" class=\"staff-entry-media-link\"><img width=\"106\" height=\"128\" src=\"https:\/\/cetr.net\/wp-content\/uploads\/2016\/04\/salvador-junca.jpg\" class=\"staff-entry-media-img staff-entry-img wpex-align-middle wpex-align-middle\" alt=\"salvador junca\" loading=\"lazy\" decoding=\"async\" \/><\/a><\/div><div class=\"staff-entry-details entry-details wpex-first-mt-0 wpex-last-mb-0 wpex-clr\"><h2 class=\"staff-entry-title entry-title wpex-mb-5\"><a href=\"https:\/\/cetr.net\/en\/staff-member\/salvador-junca\/\">Salvador Junc\u00e0<\/a><\/h2><div class=\"staff-entry-excerpt entry-excerpt wpex-my-15 wpex-text-pretty wpex-last-mb-0 wpex-clr\"><p>Enginyer Industrial superior i diplomat en Ci\u00e8ncies econ\u00f2miques, desenvolupa tasques professionals com t\u00e8cnic d\u2019empreses, Ha estat tamb\u00e9 professor del Departament de Ci\u00e8ncies Socials d\u2019Esade. A CETR, a m\u00e9s de formar&hellip;<\/p><\/div><div class=\"staff-entry-readmore-wrap entry-readmore-wrap wpex-my-15 wpex-clr\"><a href=\"https:\/\/cetr.net\/en\/staff-member\/salvador-junca\/\" class=\"theme-button\" aria-label=\"Read More about Salvador Junc\u00e0\">Read More<\/a><\/div><\/div><\/div><\/div><div class=\"staff-entry vcex-grid-item span_1_of_3 col col-1 has-readmore entry post-52257 type-staff has-media cat-241\"><div class=\"staff-entry-inner entry-inner wpex-first-mt-0 wpex-last-mb-0 wpex-clr\"><div class=\"staff-entry-media entry-media wpex-relative wpex-mb-20\"><a href=\"https:\/\/cetr.net\/en\/staff-member\/queralt-prat-i-pubill\/\" title=\"Queralt Prat-i-Pubill\" class=\"staff-entry-media-link\"><img width=\"106\" height=\"128\" src=\"https:\/\/cetr.net\/wp-content\/uploads\/2016\/04\/queralt-prat.jpg\" class=\"staff-entry-media-img staff-entry-img wpex-align-middle wpex-align-middle\" alt=\"queralt prat\" loading=\"lazy\" decoding=\"async\" \/><\/a><\/div><div class=\"staff-entry-details entry-details wpex-first-mt-0 wpex-last-mb-0 wpex-clr\"><h2 class=\"staff-entry-title entry-title wpex-mb-5\"><a href=\"https:\/\/cetr.net\/en\/staff-member\/queralt-prat-i-pubill\/\">Queralt Prat-i-Pubill<\/a><\/h2><div class=\"staff-entry-excerpt entry-excerpt wpex-my-15 wpex-text-pretty wpex-last-mb-0 wpex-clr\"><p>Empres\u00e0ria, llicenciada i MBA per ESADE, m\u00e0ster MBA INSEAD, m\u00e0ster de Recerca i candidata a PhD per ESADE, investigant el tema de l\u2019espiritualitat en el m\u00f3n del management. \u00c9s professora&hellip;<\/p><\/div><div class=\"staff-entry-readmore-wrap entry-readmore-wrap wpex-my-15 wpex-clr\"><a href=\"https:\/\/cetr.net\/en\/staff-member\/queralt-prat-i-pubill\/\" class=\"theme-button\" aria-label=\"Read More about Queralt Prat-i-Pubill\">Read More<\/a><\/div><\/div><\/div><\/div><div class=\"staff-entry vcex-grid-item span_1_of_3 col col-2 has-readmore entry post-52259 type-staff has-media cat-241 translation_priority-534\"><div class=\"staff-entry-inner entry-inner wpex-first-mt-0 wpex-last-mb-0 wpex-clr\"><div class=\"staff-entry-media entry-media wpex-relative wpex-mb-20\"><a href=\"https:\/\/cetr.net\/en\/staff-member\/francesc-torradeflot\/\" title=\"Francesc Torradeflot\" class=\"staff-entry-media-link\"><img width=\"106\" height=\"128\" src=\"https:\/\/cetr.net\/wp-content\/uploads\/2016\/04\/francesc-torradeflot.jpg\" class=\"staff-entry-media-img staff-entry-img wpex-align-middle wpex-align-middle\" alt=\"francesc torradeflot\" loading=\"lazy\" decoding=\"async\" \/><\/a><\/div><div class=\"staff-entry-details entry-details wpex-first-mt-0 wpex-last-mb-0 wpex-clr\"><h2 class=\"staff-entry-title entry-title wpex-mb-5\"><a href=\"https:\/\/cetr.net\/en\/staff-member\/francesc-torradeflot\/\">Francesc Torradeflot<\/a><\/h2><div class=\"staff-entry-excerpt entry-excerpt wpex-my-15 wpex-text-pretty wpex-last-mb-0 wpex-clr\"><p>Doctor en Teologia i llicenciat en Hist\u00f2ria de les Religions (Lovaina) i en filosofia (UAB), \u00e9s el secretari de l\u2019Associaci\u00f3 Unesco per al Di\u00e0leg Interreligi\u00f3s \u2013 Unescocat, professor en l\u2019Institut&hellip;<\/p><\/div><div class=\"staff-entry-readmore-wrap entry-readmore-wrap wpex-my-15 wpex-clr\"><a href=\"https:\/\/cetr.net\/en\/staff-member\/francesc-torradeflot\/\" class=\"theme-button\" aria-label=\"Read More about Francesc Torradeflot\">Read More<\/a><\/div><\/div><\/div><\/div><\/div><\/div>[\/vc_column][\/vc_row]\n<\/div>","protected":false},"excerpt":{"rendered":"<p>[vc_row full_width=&#8221;&#8221; parallax_image=&#8221;&#8221; visibility=&#8221;&#8221; css_animation=&#8221;&#8221; center_row=&#8221;&#8221; typography_style=&#8221;&#8221; column_spacing=&#8221;&#8221; tablet_fullwidth_cols=&#8221;&#8221; bg_style=&#8221;&#8221; parallax=&#8221;&#8221; parallax_mobile=&#8221;&#8221; parallax_style=&#8221;&#8221; parallax_direction=&#8221;&#8221; video_bg=&#8221;&#8221; video_bg_overlay=&#8221;&#8221; border_style=&#8221;&#8221;][vc_column width=&#8221;1\/1&#8243; style=&#8221;&#8221; visibility=&#8221;&#8221; css_animation=&#8221;&#8221; typo_style=&#8221;&#8221; drop_shadow=&#8221;&#8221; bg_style=&#8221;&#8221; border_style=&#8221;&#8221;][\/vc_column][\/vc_row]<\/p>\n","protected":false},"author":1,"featured_media":0,"comment_status":"closed","ping_status":"closed","sticky":false,"template":"","format":"standard","meta":{"_acf_changed":false,"footnotes":""},"categories":[201],"tags":[],"post_series":[],"class_list":["post-52013","post","type-post","status-publish","format-standard","hentry","category-about-us","entry","has-media"],"acf":[],"_links":{"self":[{"href":"https:\/\/cetr.net\/en\/wp-json\/wp\/v2\/posts\/52013","targetHints":{"allow":["GET"]}}],"collection":[{"href":"https:\/\/cetr.net\/en\/wp-json\/wp\/v2\/posts"}],"about":[{"href":"https:\/\/cetr.net\/en\/wp-json\/wp\/v2\/types\/post"}],"author":[{"embeddable":true,"href":"https:\/\/cetr.net\/en\/wp-json\/wp\/v2\/users\/1"}],"replies":[{"embeddable":true,"href":"https:\/\/cetr.net\/en\/wp-json\/wp\/v2\/comments?post=52013"}],"version-history":[{"count":4,"href":"https:\/\/cetr.net\/en\/wp-json\/wp\/v2\/posts\/52013\/revisions"}],"predecessor-version":[{"id":52265,"href":"https:\/\/cetr.net\/en\/wp-json\/wp\/v2\/posts\/52013\/revisions\/52265"}],"wp:attachment":[{"href":"https:\/\/cetr.net\/en\/wp-json\/wp\/v2\/media?parent=52013"}],"wp:term":[{"taxonomy":"category","embeddable":true,"href":"https:\/\/cetr.net\/en\/wp-json\/wp\/v2\/categories?post=52013"},{"taxonomy":"post_tag","embeddable":true,"href":"https:\/\/cetr.net\/en\/wp-json\/wp\/v2\/tags?post=52013"},{"taxonomy":"post_series","embeddable":true,"href":"https:\/\/cetr.net\/en\/wp-json\/wp\/v2\/post_series?post=52013"}],"curies":[{"name":"wp","href":"https:\/\/api.w.org\/{rel}","templated":true}]}}