{"id":52720,"date":"2006-11-21T00:00:00","date_gmt":"2006-11-21T00:00:00","guid":{"rendered":""},"modified":"2016-05-04T12:21:19","modified_gmt":"2016-05-04T10:21:19","slug":"quien_se_apoya_en_si_mismo","status":"publish","type":"post","link":"https:\/\/cetr.net\/es\/quien_se_apoya_en_si_mismo\/","title":{"rendered":"Quien se apoya en s\u00ed mismo"},"content":{"rendered":"<div style=\"margin-left: 40px;\">\nQuien se apoya en s\u00ed mismo,<br \/>\nreside en sus recuerdos,<br \/>\nalgo que ya no es;<\/p>\n<p>reside en sus proyectos,<br \/>\nque no son todav\u00eda,<br \/>\nquiz\u00e1s jam\u00e1s ser\u00e1n.<\/p>\n<p>Vive de sus deseos,<br \/>\nque paren sus temores.<br \/>\nUn temor, un deseo.<\/p>\n<p>Deseos y temores,<br \/>\nedifican tu mundo<br \/>\nfr\u00e1gil y peligroso,<\/p>\n<p>que termina en vejez,<br \/>\nque concluye en la muerte.<\/p>\n<p>Recuerdos y esperanzas,<br \/>\ndeseos y temores,<br \/>\nson s\u00f3lo un sue\u00f1o breve;<\/p>\n<p>una fr\u00e1gil ficci\u00f3n,<br \/>\ncreada, simulada<br \/>\npor la necesidad;<\/p>\n<p>de jab\u00f3n una pompa,<br \/>\nque brilla unos instantes<br \/>\ny estalla, pura nada.<\/p>\n<p>En ti hay otra cota,<br \/>\nfirme como una roca;<br \/>\nb\u00fascala, da con ella.<\/p>\n<p>En tu centro reside,<br \/>\nella es tu propio ser.<\/p><\/div>\n","protected":false},"excerpt":{"rendered":"<p>Quien se apoya en s\u00ed mismo, reside en sus recuerdos, algo que ya no es; reside en sus proyectos, que no son todav\u00eda, quiz\u00e1s jam\u00e1s ser\u00e1n. Vive de sus deseos, que paren sus temores. Un temor, un deseo. Deseos y temores, edifican tu mundo fr\u00e1gil y peligroso, que termina en vejez, que concluye en la&hellip;<\/p>\n","protected":false},"author":1,"featured_media":0,"comment_status":"open","ping_status":"closed","sticky":false,"template":"","format":"standard","meta":{"_acf_changed":false,"footnotes":""},"categories":[164,372],"tags":[],"post_series":[],"class_list":["post-52720","post","type-post","status-publish","format-standard","hentry","category-practicas-de-silencio","category-silencio-desde-la-mente-jnana-yoga","entry","no-media"],"acf":[],"_links":{"self":[{"href":"https:\/\/cetr.net\/es\/wp-json\/wp\/v2\/posts\/52720","targetHints":{"allow":["GET"]}}],"collection":[{"href":"https:\/\/cetr.net\/es\/wp-json\/wp\/v2\/posts"}],"about":[{"href":"https:\/\/cetr.net\/es\/wp-json\/wp\/v2\/types\/post"}],"author":[{"embeddable":true,"href":"https:\/\/cetr.net\/es\/wp-json\/wp\/v2\/users\/1"}],"replies":[{"embeddable":true,"href":"https:\/\/cetr.net\/es\/wp-json\/wp\/v2\/comments?post=52720"}],"version-history":[{"count":1,"href":"https:\/\/cetr.net\/es\/wp-json\/wp\/v2\/posts\/52720\/revisions"}],"predecessor-version":[{"id":57931,"href":"https:\/\/cetr.net\/es\/wp-json\/wp\/v2\/posts\/52720\/revisions\/57931"}],"wp:attachment":[{"href":"https:\/\/cetr.net\/es\/wp-json\/wp\/v2\/media?parent=52720"}],"wp:term":[{"taxonomy":"category","embeddable":true,"href":"https:\/\/cetr.net\/es\/wp-json\/wp\/v2\/categories?post=52720"},{"taxonomy":"post_tag","embeddable":true,"href":"https:\/\/cetr.net\/es\/wp-json\/wp\/v2\/tags?post=52720"},{"taxonomy":"post_series","embeddable":true,"href":"https:\/\/cetr.net\/es\/wp-json\/wp\/v2\/post_series?post=52720"}],"curies":[{"name":"wp","href":"https:\/\/api.w.org\/{rel}","templated":true}]}}