{"id":52821,"date":"2007-02-27T00:00:00","date_gmt":"2007-02-27T00:00:00","guid":{"rendered":""},"modified":"2016-09-29T16:28:52","modified_gmt":"2016-09-29T14:28:52","slug":"el_sentido_de_la_falta_de_sentido","status":"publish","type":"post","link":"https:\/\/cetr.net\/es\/el_sentido_de_la_falta_de_sentido\/","title":{"rendered":"El sentido de la falta de sentido"},"content":{"rendered":"<p><span style=\"font-weight: bold;\">Wittgenstein reflexiona sobre la peculiaridad del discurso religioso.<\/span><\/p>\n<p>El lenguaje religioso reformula, en el marco de una gran y compleja alegor\u00eda, en enunciados sobre hechos significativos estas vivencias acerca de las que s\u00f3lo podemos hablar en proposiciones carentes de sentido.<br \/>\nNo podemos expresar significativamente lo que en los s\u00edmiles est\u00e1 por s\u00ed y remite m\u00e1s all\u00e1 de s\u00ed, como tampoco podemos expresar significativamente la maravilla de la existencia del mundo.<br \/>\n[&#8230;] Todav\u00eda no hemos dado con el an\u00e1lisis l\u00f3gico correcto de lo que queremos decir con nuestras expresiones \u00e9ticas y religiosas. Siempre que se me echa esto en cara, de repente veo claro, como si se tratara de un fogonazo, no s\u00f3lo que ninguna descripci\u00f3n que pueda imaginar ser\u00eda apta para describir lo que entiendo por valor absoluto, sino que rechazar\u00eda ab initio cualquier descripci\u00f3n significativa que alguien pudiera posiblemente sugerir por raz\u00f3n de su significaci\u00f3n.<\/p>\n<p>En ese contexto toda designaci\u00f3n carece de sentido porque quiere expresar lo inexpresable. Es decir: veo ahora que estas expresiones carentes de sentido no carecer\u00edan de sentido, pongamos por caso, por no haber encontrado yo a\u00fan las expresiones correctas, sino que m\u00e1s bien es su falta de sentido lo que constituye su esencia genuina. Porque lo que yo quer\u00eda conseguir con ellas era, precisamente, ir m\u00e1s all\u00e1 del mundo, y esto quiere decir: m\u00e1s all\u00e1 del lenguaje significativo. Mi \u00fanico prop\u00f3sito -y creo que el de todos aquellos que han tratado alguna vez de escribir o hablar de \u00e9tica o religi\u00f3n- es arremeter contra los l\u00edmites del lenguaje.<\/p>\n<p>Ludwig Wittgenstein (fil\u00f3sofo, 1889-1951). Conferencia sobre \u00e9tica. Barcelona, Paid\u00f3s, 1997. p.42-43)<\/p>\n","protected":false},"excerpt":{"rendered":"<p>Wittgenstein reflexiona sobre la peculiaridad del discurso religioso. El lenguaje religioso reformula, en el marco de una gran y compleja alegor\u00eda, en enunciados sobre hechos significativos estas vivencias acerca de las que s\u00f3lo podemos hablar en proposiciones carentes de sentido. No podemos expresar significativamente lo que en los s\u00edmiles est\u00e1 por s\u00ed y remite m\u00e1s&hellip;<\/p>\n","protected":false},"author":1,"featured_media":0,"comment_status":"open","ping_status":"closed","sticky":false,"template":"","format":"standard","meta":{"_acf_changed":false,"footnotes":""},"categories":[158],"tags":[417],"post_series":[],"class_list":["post-52821","post","type-post","status-publish","format-standard","hentry","category-la-sabiduria-en","tag-cultivo-de-la-cualidad-humana","entry","no-media"],"acf":[],"_links":{"self":[{"href":"https:\/\/cetr.net\/es\/wp-json\/wp\/v2\/posts\/52821","targetHints":{"allow":["GET"]}}],"collection":[{"href":"https:\/\/cetr.net\/es\/wp-json\/wp\/v2\/posts"}],"about":[{"href":"https:\/\/cetr.net\/es\/wp-json\/wp\/v2\/types\/post"}],"author":[{"embeddable":true,"href":"https:\/\/cetr.net\/es\/wp-json\/wp\/v2\/users\/1"}],"replies":[{"embeddable":true,"href":"https:\/\/cetr.net\/es\/wp-json\/wp\/v2\/comments?post=52821"}],"version-history":[{"count":2,"href":"https:\/\/cetr.net\/es\/wp-json\/wp\/v2\/posts\/52821\/revisions"}],"predecessor-version":[{"id":60968,"href":"https:\/\/cetr.net\/es\/wp-json\/wp\/v2\/posts\/52821\/revisions\/60968"}],"wp:attachment":[{"href":"https:\/\/cetr.net\/es\/wp-json\/wp\/v2\/media?parent=52821"}],"wp:term":[{"taxonomy":"category","embeddable":true,"href":"https:\/\/cetr.net\/es\/wp-json\/wp\/v2\/categories?post=52821"},{"taxonomy":"post_tag","embeddable":true,"href":"https:\/\/cetr.net\/es\/wp-json\/wp\/v2\/tags?post=52821"},{"taxonomy":"post_series","embeddable":true,"href":"https:\/\/cetr.net\/es\/wp-json\/wp\/v2\/post_series?post=52821"}],"curies":[{"name":"wp","href":"https:\/\/api.w.org\/{rel}","templated":true}]}}