{"id":53114,"date":"2007-10-25T00:00:00","date_gmt":"2007-10-25T00:00:00","guid":{"rendered":""},"modified":"2016-09-23T12:55:26","modified_gmt":"2016-09-23T10:55:26","slug":"la_luz","status":"publish","type":"post","link":"https:\/\/cetr.net\/es\/la_luz\/","title":{"rendered":"LA LUZ"},"content":{"rendered":"<p><span style=\"font-weight: bold;\"><br \/>\n(Eloy S\u00e1nchez Rosillo)<\/span><\/p>\n<p>No se puede prever. Sucede siempre<br \/>\ncuando menos lo esperas. Puede pasar que vayas<br \/>\npor la calle, deprisa, porque se te hace tarde<br \/>\npara echar una carta en correos, o que<br \/>\nte encuentres en tu casa por la noche, leyendo<br \/>\nun libro que no acaba de convencerte; puede<br \/>\nacontecer tambi\u00e9n que sea verano<br \/>\ny que te hayas sentado en la terraza<br \/>\nde una cafeter\u00eda, o que sea invierno y llueva<br \/>\ny te duelan los huesos; que est\u00e9s triste o cansado,<br \/>\nque tengas treinta a\u00f1os o que tengas sesenta.<br \/>\nResulta imprevisible. Nunca saber<br \/>\ncu\u00e1ndo ni c\u00f3mo ocurrir\u00e1.<\/p>\n<p>Transcurre<br \/>\ntu vida igual que ayer, com\u00fan y cotidiana.<br \/>\n\u00abUn d\u00eda m\u00e1s\u00bb, te dices. Y de pronto,<br \/>\nse desata una luz poderos\u00edsima<br \/>\nen tu interior, y dejas de ser el hombre que eras<br \/>\nhace s\u00f3lo un momento. El mundo, ahora,<br \/>\nes para ti distinto. Se dilata<br \/>\nm\u00e1gicamente el tiempo, como en aquellos d\u00edas<br \/>\ntan largos de la infancia, y respiras al margen<br \/>\nde su oscuro fluir y de su da\u00f1o.<br \/>\nPraderas del presente, por las que vagas libre<br \/>\nde cuidados y culpas. Una acuidad ins\u00f3lita<br \/>\nte habita el ser: todo est\u00e1 claro, todo<br \/>\nocupa su lugar, todo coincide, y t\u00fa,<br \/>\nsin lucha, lo comprendes.<\/p>\n<p>Tal vez dura<br \/>\nun instante el milagro; despu\u00e9s las cosas vuelven<br \/>\na ser como eran antes de que esa luz te diera<br \/>\ntanta verdad, tanta misericordia.<br \/>\nMas te sientes conforme, limpio, feliz, salvado,<br \/>\nlleno de gratitud. Y cantas, cantas.<\/p>\n<p><span style=\"font-weight: bold;\">Eloy S\u00e1nchez Rosillo. Las cosas como fueron. Barcelona, Tusquets, 2004. p. 287-288<\/span><\/p>\n","protected":false},"excerpt":{"rendered":"<p>(Eloy S\u00e1nchez Rosillo) No se puede prever. Sucede siempre cuando menos lo esperas. Puede pasar que vayas por la calle, deprisa, porque se te hace tarde para echar una carta en correos, o que te encuentres en tu casa por la noche, leyendo un libro que no acaba de convencerte; puede acontecer tambi\u00e9n que sea&hellip;<\/p>\n","protected":false},"author":1,"featured_media":53115,"comment_status":"open","ping_status":"closed","sticky":false,"template":"","format":"standard","meta":{"_acf_changed":false,"footnotes":""},"categories":[156,158],"tags":[417],"post_series":[],"class_list":["post-53114","post","type-post","status-publish","format-standard","has-post-thumbnail","hentry","category-arte-y-poesia","category-la-sabiduria-en","tag-cultivo-de-la-cualidad-humana","entry","has-media"],"acf":[],"_links":{"self":[{"href":"https:\/\/cetr.net\/es\/wp-json\/wp\/v2\/posts\/53114","targetHints":{"allow":["GET"]}}],"collection":[{"href":"https:\/\/cetr.net\/es\/wp-json\/wp\/v2\/posts"}],"about":[{"href":"https:\/\/cetr.net\/es\/wp-json\/wp\/v2\/types\/post"}],"author":[{"embeddable":true,"href":"https:\/\/cetr.net\/es\/wp-json\/wp\/v2\/users\/1"}],"replies":[{"embeddable":true,"href":"https:\/\/cetr.net\/es\/wp-json\/wp\/v2\/comments?post=53114"}],"version-history":[{"count":1,"href":"https:\/\/cetr.net\/es\/wp-json\/wp\/v2\/posts\/53114\/revisions"}],"predecessor-version":[{"id":60792,"href":"https:\/\/cetr.net\/es\/wp-json\/wp\/v2\/posts\/53114\/revisions\/60792"}],"wp:featuredmedia":[{"embeddable":true,"href":"https:\/\/cetr.net\/es\/wp-json\/wp\/v2\/media\/53115"}],"wp:attachment":[{"href":"https:\/\/cetr.net\/es\/wp-json\/wp\/v2\/media?parent=53114"}],"wp:term":[{"taxonomy":"category","embeddable":true,"href":"https:\/\/cetr.net\/es\/wp-json\/wp\/v2\/categories?post=53114"},{"taxonomy":"post_tag","embeddable":true,"href":"https:\/\/cetr.net\/es\/wp-json\/wp\/v2\/tags?post=53114"},{"taxonomy":"post_series","embeddable":true,"href":"https:\/\/cetr.net\/es\/wp-json\/wp\/v2\/post_series?post=53114"}],"curies":[{"name":"wp","href":"https:\/\/api.w.org\/{rel}","templated":true}]}}