{"id":54526,"date":"2009-12-04T00:00:00","date_gmt":"2009-12-04T00:00:00","guid":{"rendered":""},"modified":"2023-12-21T23:01:31","modified_gmt":"2023-12-21T22:01:31","slug":"a_la_intemperie_una_pequena_seleccio","status":"publish","type":"post","link":"https:\/\/cetr.net\/es\/a_la_intemperie_una_pequena_seleccio\/","title":{"rendered":"A LA INTEMPERIE*. Una peque\u00f1a selecci\u00f3n"},"content":{"rendered":"<p><em>* Pre\u00e1mbulo y peque\u00f1a selecci\u00f3n del libro del mismo t\u00edtulo: Mari\u00e0 Corb\u00ed. A la intemperie. Con ilustraciones de Pere Rius. De venta en CETR. <\/em><\/p>\n<p style=\"text-align: justify;\"><strong>Pre\u00e1mbulo<\/strong><br \/>\nS\u00f3lo cuando uno aprende a quedarse en la total intemperie, sin techo que le proteja del cosmos inmenso, sin paredes que le resguarden de los vientos, sin refugio alguno; s\u00f3lo cuando uno renuncia a poder disponer de un cercado donde sentirse menos insignificante en el vasto espacio; s\u00f3lo cuando, con los a\u00f1os, uno aprende a no esperar que la verdad tenga un rostro delimitado y pr\u00f3ximo; s\u00f3lo cuando se ha aprendido, por fin, a no intentar, de mil maneras, salvarse; s\u00f3lo entonces, la verdad es inh\u00f3spita pero profundamente hospitalaria; despiadada como la inmensidad pero acogedora como una amante; vac\u00eda como un abismo pero haci\u00e9ndose sentir con una presencia plena y c\u00e1lida.<\/p>\n<p style=\"text-align: justify;\">Cuando el conocimiento te reduce a una mota de polvo en los espacios estelares, ella se aproxima como amiga; cuando el fracaso de todos tus proyectos te ha llevado a desesperar de todo m\u00e9todo seguro, acreditado y controlado de salvaci\u00f3n, la verdad, piadosa, alarga su mano para cogerte. La certeza que genera no se apoya en la protecci\u00f3n que proporciona ni en lo delimitados que est\u00e1n sus contornos sino, por el contrario, en su pura e inevitable intemperie; en sus fronteras indefinibles; en su capacidad de invadir, como una inundaci\u00f3n, todos los cercados; en su poder para filtrarse y huir de los muros m\u00e1s solidamente construidos. La verdad, como el oc\u00e9ano, ignora las fronteras, deshace las tapias, es incontrolable.<\/p>\n<p style=\"text-align: justify;\">La verdad no es un techo, bajo el que protegerse, porque la verdad, como un hurac\u00e1n, levanta y se lleva todas las protecciones, como las hojas secas de los \u00e1rboles. La verdad confirma sin decir una palabra y sin hacer un solo gesto. Gu\u00eda sin se\u00f1alar caminos; pacifica sin dar soluciones; da respuestas sin proponer f\u00f3rmulas; es acogedora sin ofrecer un hogar; es un suelo donde poner los pies sin que sea un cercado; viste su desnudez con mil atuendos, pero despu\u00e9s de presentarse ante nuestros ojos cuidadosamente vestida y adornada, cuando volvemos nuestros ojos hacia ella, se quita los adornos y las ropas y vuelve a quedarse de nuevo irremediablemente desnuda.<\/p>\n<p style=\"text-align: justify;\">La implacable y desnuda verdad sin forma, que nadie puede apropiarse, la que desmantela como un tornado toda cerca, la que es silenciosa y por ello indomable, esa misma verdad es tierna, c\u00e1lida, piadosa, acogedora, protectora y gu\u00eda; s\u00f3lo ella es como una presencia \u00edntima que engendra una certeza que es libre de toda forma y, por ello, puede acogerlo todo.<\/p>\n<p style=\"text-align: justify;\">Dice Hui Hai: Si tu mente desea morar en alguna parte, no la sigas, de ese modo pondr\u00e1s fin a la b\u00fasqueda de morada. As\u00ed es como terminar\u00e1s poseyendo una mente que no more en parte alguna, una mente que permanezca en el estado de no-permanecer. Si eres plenamente consciente de que posees una mente que no mora en parte alguna, descubrir\u00e1s que no hay lugar alguno en el que morar o no morar.<\/p>\n<p style=\"text-align: justify;\"><strong>Noche de luna <\/strong><\/p>\n<p style=\"text-align: justify;\">Noche de luna en la monta\u00f1a,<br \/>\nm\u00e1s clara que la luz de la ma\u00f1ana,<br \/>\nm\u00e1s deslumbrante que el sol de mediod\u00eda.<\/p>\n<p style=\"text-align: justify;\"><strong>El acontecimiento de una tarde de Abril <\/strong><\/p>\n<p style=\"text-align: justify;\">Ocaso dorado de una tarde de Abril;<br \/>\nmiles de millones de a\u00f1os ocurriendo;<br \/>\nhoy, una vez m\u00e1s, se da<br \/>\nel gran acontecimiento,<br \/>\nnunca igual, siempre nuevo.<br \/>\nNi espect\u00e1culo ni espectador.<\/p>\n<p style=\"text-align: justify;\"><strong>Lluvia de Agosto<\/strong><br \/>\nLluvia de Agosto,<br \/>\n\u00bfD\u00eda triste y gris?<br \/>\nNo, tibio y h\u00famedo,<br \/>\nsabor de la vida.<\/p>\n<p style=\"text-align: justify;\"><strong>Los rostros del Vac\u00edo <\/strong><\/p>\n<p style=\"text-align: justify;\">Ma\u00f1ana lluviosa de noviembre<br \/>\nen los densos bosques del Montseny.<\/p>\n<p style=\"text-align: justify;\">Los chopos y los robles desnudos,<br \/>\nlos recios rugosos alcornoques,<br \/>\nlos casta\u00f1os de hojas \u00e1ureas,<br \/>\nlas formas de pinos y de abetos,<\/p>\n<p style=\"text-align: justify;\">las encinas, y hojas del suelo,<br \/>\nla hiedra trepando por los troncos,<br \/>\nreptando por los suelos del bosque,<br \/>\nlos l\u00edquenes, musgos y helechos,<br \/>\nempapados por la fina lluvia,<\/p>\n<p style=\"text-align: justify;\">las rocas, las monta\u00f1as, los bosques,<br \/>\nlos torrentes, las nubes y cielos,<br \/>\nperfil de un hombre en el camino,<\/p>\n<p style=\"text-align: justify;\">todas esas formas no son formas<br \/>\nni de robles, casta\u00f1os o abetos<br \/>\nni de rocas, helechos u hombres,<\/p>\n<p style=\"text-align: justify;\">son formas absolutas,<br \/>\nson formas del abismo,<br \/>\nson rostro del Vac\u00edo,<\/p>\n<p style=\"text-align: justify;\">el Absoluto mismo,<br \/>\nen mil revelaciones,<br \/>\ninmediato, patente,<br \/>\ndirecto, perceptible.<\/p>\n<p style=\"text-align: justify;\"><strong>La verdad<\/strong><\/p>\n<p style=\"text-align: justify;\">La verdad que condena, no es verdad.<br \/>\nLa verdad s\u00f3lo libera.<\/p>\n<p style=\"text-align: justify;\">La verdad que somete, no es verdad.<br \/>\nLa verdad s\u00f3lo suelta cadenas.<\/p>\n<p style=\"text-align: justify;\">La verdad que excluye, no es verdad.<br \/>\nLa verdad s\u00f3lo re\u00fane.<\/p>\n<p style=\"text-align: justify;\">La verdad que se pone por encima, no es verdad.<br \/>\nLa verdad s\u00f3lo sirve.<\/p>\n<p>La verdad que desconoce la verdad de otros, no es verdad.<br \/>\nLa verdad es s\u00f3lo reconocimiento.<\/p>\n<p style=\"text-align: justify;\">La verdad que no mira a los ojos a otras verdades, no es verdad.<br \/>\nLa verdad es s\u00f3lo acogimiento sin temor.<\/p>\n<p style=\"text-align: justify;\">La verdad que engendra dureza, no es verdad.<br \/>\nLa verdad es s\u00f3lo amabilidad y ternura.<\/p>\n<p style=\"text-align: justify;\">La verdad que desune, no es verdad.<br \/>\nLa verdad s\u00f3lo unifica.<\/p>\n<p style=\"text-align: justify;\">La verdad que se liga a f\u00f3rmulas, por escuetas que sean, no es verdad.<br \/>\nLa verdad es s\u00f3lo sin formas.<\/p>\n<p style=\"text-align: justify;\">Si la verdad se liga a f\u00f3rmulas,<br \/>\ntiene que condenar,<br \/>\nligar,<br \/>\nexcluir,<br \/>\ndesunir,<br \/>\ntiene que ponerse por encima,<br \/>\ndar por falsas otras verdades.<\/p>\n<p style=\"text-align: justify;\">Esa no es la verdad que reside en formas<br \/>\npero que no se liga a ellas.<\/p>\n<p style=\"text-align: justify;\"><strong>La vida es sue\u00f1o<\/strong><\/p>\n<p style=\"text-align: justify;\">La vida es un breve sue\u00f1o<br \/>\nque nadie recordar\u00e1;<br \/>\ns\u00f3lo, y por corto tiempo,<br \/>\nunos retales m\u00edos<br \/>\nen el sue\u00f1o amable<br \/>\nde parientes y amigos,<br \/>\nque tampoco nadie recordar\u00e1.<\/p>\n<p style=\"text-align: justify;\"><strong>Verte <\/strong><\/p>\n<p style=\"text-align: justify;\">Luz, luz, m\u00e1s, m\u00e1s luz.<br \/>\nSi te llego a ver,<br \/>\npara m\u00ed es igual,<br \/>\nmorir\u00e9 pronto;<br \/>\npara ellos, no.<\/p>\n<p style=\"text-align: justify;\"><strong>Mi destino<\/strong><\/p>\n<p style=\"text-align: justify;\">Mi coraz\u00f3n es mano<br \/>\nque acaricia los montes,<br \/>\nlos cielos nunca iguales,<br \/>\nlas noches estrelladas,<\/p>\n<p style=\"text-align: justify;\">los valles y los campos,<br \/>\nlos hombres y mujeres,<br \/>\nlos grillos y las ranas,<br \/>\nlos cipreses enhiestos;<\/p>\n<p style=\"text-align: justify;\">y mi mente despierta,<br \/>\nl\u00facida de s\u00ed misma,<br \/>\nes s\u00f3lo una pregunta:<br \/>\n\u00bfqu\u00e9 es todo este esplendor?<\/p>\n<p style=\"text-align: justify;\">Ya es hora de morir.<br \/>\n\u00a1Ya cumpl\u00ed mi destino!<\/p>\n<p style=\"text-align: justify;\"><strong>\u00bfQu\u00e9 hacer?<\/strong><\/p>\n<p style=\"text-align: justify;\">Nacer,<br \/>\namar,<br \/>\nreconocer.<\/p>\n<p style=\"text-align: justify;\">Nada m\u00e1s<br \/>\nque hacer.<\/p>\n<p style=\"text-align: justify;\"><strong>D\u00eda de fin de a\u00f1o <\/strong><\/p>\n<p style=\"text-align: justify;\">\u00bfQu\u00e9 hay que hacer?<br \/>\nNada que hacer.<br \/>\nReconocer.<\/p>\n","protected":false},"excerpt":{"rendered":"<p>* Pre\u00e1mbulo y peque\u00f1a selecci\u00f3n del libro del mismo t\u00edtulo: Mari\u00e0 Corb\u00ed. A la intemperie. Con ilustraciones de Pere Rius. De venta en CETR. Pre\u00e1mbulo S\u00f3lo cuando uno aprende a quedarse en la total intemperie, sin techo que le proteja del cosmos inmenso, sin paredes que le resguarden de los vientos, sin refugio alguno; s\u00f3lo&hellip;<\/p>\n","protected":false},"author":1,"featured_media":0,"comment_status":"open","ping_status":"closed","sticky":false,"template":"","format":"standard","meta":{"_acf_changed":false,"footnotes":""},"categories":[160],"tags":[],"post_series":[],"class_list":["post-54526","post","type-post","status-publish","format-standard","hentry","category-calidad-humana","entry","no-media"],"acf":[],"_links":{"self":[{"href":"https:\/\/cetr.net\/es\/wp-json\/wp\/v2\/posts\/54526","targetHints":{"allow":["GET"]}}],"collection":[{"href":"https:\/\/cetr.net\/es\/wp-json\/wp\/v2\/posts"}],"about":[{"href":"https:\/\/cetr.net\/es\/wp-json\/wp\/v2\/types\/post"}],"author":[{"embeddable":true,"href":"https:\/\/cetr.net\/es\/wp-json\/wp\/v2\/users\/1"}],"replies":[{"embeddable":true,"href":"https:\/\/cetr.net\/es\/wp-json\/wp\/v2\/comments?post=54526"}],"version-history":[{"count":2,"href":"https:\/\/cetr.net\/es\/wp-json\/wp\/v2\/posts\/54526\/revisions"}],"predecessor-version":[{"id":71538,"href":"https:\/\/cetr.net\/es\/wp-json\/wp\/v2\/posts\/54526\/revisions\/71538"}],"wp:attachment":[{"href":"https:\/\/cetr.net\/es\/wp-json\/wp\/v2\/media?parent=54526"}],"wp:term":[{"taxonomy":"category","embeddable":true,"href":"https:\/\/cetr.net\/es\/wp-json\/wp\/v2\/categories?post=54526"},{"taxonomy":"post_tag","embeddable":true,"href":"https:\/\/cetr.net\/es\/wp-json\/wp\/v2\/tags?post=54526"},{"taxonomy":"post_series","embeddable":true,"href":"https:\/\/cetr.net\/es\/wp-json\/wp\/v2\/post_series?post=54526"}],"curies":[{"name":"wp","href":"https:\/\/api.w.org\/{rel}","templated":true}]}}