{"id":54940,"date":"2008-07-07T00:00:00","date_gmt":"2008-07-07T00:00:00","guid":{"rendered":""},"modified":"2020-06-05T07:57:11","modified_gmt":"2020-06-05T05:57:11","slug":"5_la_espiritualidad_como_cualidad","status":"publish","type":"post","link":"https:\/\/cetr.net\/es\/5_la_espiritualidad_como_cualidad\/","title":{"rendered":"05. La espiritualidad como cualidad humana y su cultivo en una sociedad laica"},"content":{"rendered":"<p><span style=\"color: #800000;\">La espiritualidad como cualidad humana y su cultivo en una sociedad laica.<\/span> <span style=\"color: #800000;\">5\u00ba Encuentro Internacional de CETR (2008)<\/span><br \/>\nAutor: Coordina Mari\u00e0 Corb\u00ed (VVAA)<br \/>\nEdici\u00f3n: Autoedici\u00f3, 2008, 281p.<\/p>\n<p><a title=\"Encontres Internacionals, textos\" href=\"\/ca\/agenda\/encontres_internacionals\/\">Descarga gratuita<\/a> o <span style=\"color: #800000;\">c\u00f3mpralo en nuestro centro<\/span><\/p>\n<p>Publicaci\u00f3n de las ponencias acompa\u00f1adas de las s\u00edntesis de las sesiones de trabajo en torno a ellas: <em>Lorca y Machado desde un punto de vista espiritual, <em>El reto del cristianismo en Am\u00e9rica Latina: de un cristianismo socialmente comprometido pero religioso a una espiritualidad laica&#8230;<\/em><\/em><\/p>\n","protected":false},"excerpt":{"rendered":"<p>La espiritualidad como cualidad humana y su cultivo en una sociedad laica. 5\u00ba Encuentro Internacional de CETR (2008) Autor: Coordina Mari\u00e0 Corb\u00ed (VVAA) Edici\u00f3n: Autoedici\u00f3, 2008, 281p. Descarga gratuita o c\u00f3mpralo en nuestro centro Publicaci\u00f3n de las ponencias acompa\u00f1adas de las s\u00edntesis de las sesiones de trabajo en torno a ellas: Lorca y Machado desde&hellip;<\/p>\n","protected":false},"author":1,"featured_media":66144,"comment_status":"open","ping_status":"closed","sticky":false,"template":"","format":"standard","meta":{"_acf_changed":false,"footnotes":""},"categories":[503,149],"tags":[],"post_series":[],"class_list":["post-54940","post","type-post","status-publish","format-standard","has-post-thumbnail","hentry","category-encuentros-encontres-es-3","category-nuestros-libros","entry","has-media"],"acf":[],"_links":{"self":[{"href":"https:\/\/cetr.net\/es\/wp-json\/wp\/v2\/posts\/54940","targetHints":{"allow":["GET"]}}],"collection":[{"href":"https:\/\/cetr.net\/es\/wp-json\/wp\/v2\/posts"}],"about":[{"href":"https:\/\/cetr.net\/es\/wp-json\/wp\/v2\/types\/post"}],"author":[{"embeddable":true,"href":"https:\/\/cetr.net\/es\/wp-json\/wp\/v2\/users\/1"}],"replies":[{"embeddable":true,"href":"https:\/\/cetr.net\/es\/wp-json\/wp\/v2\/comments?post=54940"}],"version-history":[{"count":2,"href":"https:\/\/cetr.net\/es\/wp-json\/wp\/v2\/posts\/54940\/revisions"}],"predecessor-version":[{"id":66145,"href":"https:\/\/cetr.net\/es\/wp-json\/wp\/v2\/posts\/54940\/revisions\/66145"}],"wp:featuredmedia":[{"embeddable":true,"href":"https:\/\/cetr.net\/es\/wp-json\/wp\/v2\/media\/66144"}],"wp:attachment":[{"href":"https:\/\/cetr.net\/es\/wp-json\/wp\/v2\/media?parent=54940"}],"wp:term":[{"taxonomy":"category","embeddable":true,"href":"https:\/\/cetr.net\/es\/wp-json\/wp\/v2\/categories?post=54940"},{"taxonomy":"post_tag","embeddable":true,"href":"https:\/\/cetr.net\/es\/wp-json\/wp\/v2\/tags?post=54940"},{"taxonomy":"post_series","embeddable":true,"href":"https:\/\/cetr.net\/es\/wp-json\/wp\/v2\/post_series?post=54940"}],"curies":[{"name":"wp","href":"https:\/\/api.w.org\/{rel}","templated":true}]}}