{"id":56494,"date":"2013-04-11T00:00:00","date_gmt":"2013-04-11T00:00:00","guid":{"rendered":""},"modified":"2020-07-28T19:38:18","modified_gmt":"2020-07-28T17:38:18","slug":"la_crisis_axuilogica_raiz_de_todas_l","status":"publish","type":"post","link":"https:\/\/cetr.net\/es\/la_crisis_axuilogica_raiz_de_todas_l\/","title":{"rendered":"8\u00ba. Encuentro. La crisis axiol\u00f3gica ra\u00edz de todas las crisis que sufre nuestro mundo"},"content":{"rendered":"<p><span style=\"color: #800000;\">La crisis axiol\u00f3gica, ra\u00edz de todas las crisis que sufre nuestro mundo.<\/span><br \/>\n<span style=\"color: #800000;\">C\u00f3mo manejarnos con ella<\/span><br \/>\nCoordinador:\u00a0Mari\u00e0 Corb\u00ed (VVAA)<br \/>\nN\u00b0 de p\u00e1ginas:\u00a0306<br \/>\nEdici\u00f3n: Bubok, 2013, 305p<br \/>\nISBN: 978-84-686-3345-9<\/p>\n<p><a title=\"Descarrega o compra online\" href=\"http:\/\/www.bubok.es\/libros\/222657\/LA-CRISIS-AXIOLOGICA-RAIZ-DE-TODAS-LAS-CRISIS-QUE-SUFRE-NUESTRO-MUNDO-Como-manejarnos-con-ella\">Descarega gratuita<\/a> o <a title=\"Descarrega o compra online\" href=\"http:\/\/www.bubok.es\/libros\/222657\/LA-CRISIS-AXIOLOGICA-RAIZ-DE-TODAS-LAS-CRISIS-QUE-SUFRE-NUESTRO-MUNDO-Como-manejarnos-con-ella\">compra online<\/a><\/p>\n<p style=\"text-align: right;\"><span style=\"color: #800000;\"><a href=\"https:\/\/cetr.net\/es\/tematica-dels-15-encontres-internacionals-2004-2019\/\"><strong>Tem\u00e1tica de los 15 Encuentros Internacionales<\/strong><\/a> con link a los libros<\/span><\/p>\n<p><span style=\"color: #800000;\"><span style=\"color: #000000;\">Recopilaci\u00f3n de las ponencias y debates del 8\u00ba Encuentro Internacional CETR (octubre 2012), centrado en c\u00f3mo desarrollar un saber sobre lo axiol\u00f3gio para poder manejar adecuadamente la siuaci\u00f3n de transformaci\u00f3n cont\u00ednua en la que vivimos inmersos.<\/span><\/span><\/p>\n<p>&nbsp;<\/p>\n<p><em><strong>Extracto de la presentaci\u00f3n<\/strong><\/em><\/p>\n<p>Nuestro Encuentro y los estudios que en \u00e9l hemos compartido y que en este libro ofrecemos al lector parten de una visi\u00f3n concreta de la actualidad. Observamos que las tecnociencias est\u00e1n cambiando las condiciones de vida a todo nivel, mientras los criterios y sistemas axiol\u00f3gicos<a href=\"#_ftn1\" name=\"_ftnref1\">[1]<\/a> con los que se dirige el sistema no corresponden a esta situaci\u00f3n sino que se aplican los propios de sociedades anteriores. Ello es causa de un desfase de los proyectos axiol\u00f3gicos colectivos respecto a las condiciones exigidas por el desarrollo tecnocient\u00edfico. Como consecuencia de los cambios tecnol\u00f3gicos vemos aparecer una grave crisis financiera que acarrea situaciones de precariedad para muchos sectores de la poblaci\u00f3n; una crisis pol\u00edtica que se manifiesta en una desconfianza generalizada en sus agentes; una crisis medioambiental, educativa, de relaciones internacionales, epistemol\u00f3gica, religiosa, de equidad y marginaci\u00f3n, etc.<\/p>\n<p>Hay que afrontar con urgencia el problema del desmantelamiento axiol\u00f3gico, que es la ra\u00edz de los dem\u00e1s problemas, y que se refleja en el descr\u00e9dito de las ideolog\u00edas, las religiones y las iglesias. Nos parece el mayor problema al que nos enfrentamos, y muy posiblemente, sea el m\u00e1s grave que haya sufrido nuestra especie.<\/p>\n<p><a href=\"#_ftnref1\" name=\"_ftn1\">[1]<\/a> Entendemos por sistemas axiol\u00f3gicos los procedimientos de cohesi\u00f3n, motivaci\u00f3n y creaci\u00f3n de proyectos de c\u00f3mo queremos vivir con los saberes que tenemos.<\/p>\n<p>&nbsp;<\/p>\n<p><strong>Ponencias:<\/strong><\/p>\n<ol>\n<li>Necesidad de una epistemolog\u00eda axiol\u00f3gica. Mari\u00e0 Corb\u00ed<\/li>\n<li>Formalidad de lo axiol\u00f3gico como sensitivo, cualitativo y concreto. Marta Gran\u00e9s<\/li>\n<li>Consideraciones entorno a la Carta de la Tierra desde la epistemolog\u00eda axiol\u00f3gica. Jaume Agust\u00ed, Josep M. Basart<\/li>\n<li>Voluntad de verdad como voluntad de creer. Abordaje desde una perspectiva nietzscheana. Flavio Augusto Senra Ribeiro, Roberto L\u00facio Diniz J\u00fanior<\/li>\n<li>Sobre la estructura de las revoluciones teol\u00f3gicas. So\u00f1ando con una \u00abrevoluci\u00f3n teol\u00f3gica\u00bb. Jos\u00e9 Mar\u00eda Vigil<\/li>\n<li>Crisis axiol\u00f3gica y cambio valoral en M\u00e9xico. Perspectivas para la construcci\u00f3n de un sujeto social \u00e9tico. J.Diego Ortiz Acosta<\/li>\n<li>Postulacion de la dimensi\u00f3n absoluta o de la gratuidad a la luz del an\u00e1lisis estructural de la praxis de Antonio Gonz\u00e1lez. J. Amando Robles<\/li>\n<li>La estructura profunda de los procedimientos de iniciaci\u00f3n espiritual a partir del estudio del Mahaprajnaparamitasastra [&#8230;] Montserrat Cucarull<\/li>\n<li>La moneda de cobre Sobre la motivaci\u00f3n y el cultivo de la cualidad humana. Teresa Guardans<\/li>\n<li>Ciencias de la complejidad, pensamiento complejo y conocimiento transdisciplinar. Sergio N\u00e9stor Osorio<\/li>\n<li>La funci\u00f3n de los relatos para la creaci\u00f3n y desarrollo del proyecto axiol\u00f3gico de las organizaciones. Queralt Prat-i-Pubill<\/li>\n<li>\u00bfUna axiolog\u00eda urbana? Ra\u00fal Garc\u00eda<\/li>\n<\/ol>\n<p><a title=\"Descarrega o compra online\" href=\"http:\/\/www.bubok.es\/libros\/222657\/LA-CRISIS-AXIOLOGICA-RAIZ-DE-TODAS-LAS-CRISIS-QUE-SUFRE-NUESTRO-MUNDO-Como-manejarnos-con-ella\">Descarega gratuita<\/a> o <a title=\"Descarrega o compra online\" href=\"http:\/\/www.bubok.es\/libros\/222657\/LA-CRISIS-AXIOLOGICA-RAIZ-DE-TODAS-LAS-CRISIS-QUE-SUFRE-NUESTRO-MUNDO-Como-manejarnos-con-ella\">compra online<\/a><\/p>\n","protected":false},"excerpt":{"rendered":"<p>8\u00ba Encuentro Internacional CETR.  Recopilaci\u00f3n de las ponencias y debates del  Encuentro  (octubre 2012), centrado en c\u00f3mo desarrollar un saber sobre lo axiol\u00f3gio para poder manejar adecuadamente la siuaci\u00f3n de transformaci\u00f3n cont\u00ednua en la que vivimos inmersos.<\/p>\n","protected":false},"author":1,"featured_media":65991,"comment_status":"open","ping_status":"closed","sticky":false,"template":"","format":"standard","meta":{"_acf_changed":false,"footnotes":""},"categories":[296,149],"tags":[],"post_series":[],"class_list":["post-56494","post","type-post","status-publish","format-standard","has-post-thumbnail","hentry","category-encuentros-encontres-es","category-nuestros-libros","entry","has-media"],"acf":[],"_links":{"self":[{"href":"https:\/\/cetr.net\/es\/wp-json\/wp\/v2\/posts\/56494","targetHints":{"allow":["GET"]}}],"collection":[{"href":"https:\/\/cetr.net\/es\/wp-json\/wp\/v2\/posts"}],"about":[{"href":"https:\/\/cetr.net\/es\/wp-json\/wp\/v2\/types\/post"}],"author":[{"embeddable":true,"href":"https:\/\/cetr.net\/es\/wp-json\/wp\/v2\/users\/1"}],"replies":[{"embeddable":true,"href":"https:\/\/cetr.net\/es\/wp-json\/wp\/v2\/comments?post=56494"}],"version-history":[{"count":10,"href":"https:\/\/cetr.net\/es\/wp-json\/wp\/v2\/posts\/56494\/revisions"}],"predecessor-version":[{"id":66585,"href":"https:\/\/cetr.net\/es\/wp-json\/wp\/v2\/posts\/56494\/revisions\/66585"}],"wp:featuredmedia":[{"embeddable":true,"href":"https:\/\/cetr.net\/es\/wp-json\/wp\/v2\/media\/65991"}],"wp:attachment":[{"href":"https:\/\/cetr.net\/es\/wp-json\/wp\/v2\/media?parent=56494"}],"wp:term":[{"taxonomy":"category","embeddable":true,"href":"https:\/\/cetr.net\/es\/wp-json\/wp\/v2\/categories?post=56494"},{"taxonomy":"post_tag","embeddable":true,"href":"https:\/\/cetr.net\/es\/wp-json\/wp\/v2\/tags?post=56494"},{"taxonomy":"post_series","embeddable":true,"href":"https:\/\/cetr.net\/es\/wp-json\/wp\/v2\/post_series?post=56494"}],"curies":[{"name":"wp","href":"https:\/\/api.w.org\/{rel}","templated":true}]}}