{"id":56697,"date":"2013-07-02T00:00:00","date_gmt":"2013-07-02T00:00:00","guid":{"rendered":""},"modified":"2016-09-04T16:57:55","modified_gmt":"2016-09-04T14:57:55","slug":"manifiesto_el_dialogo_interreligioso","status":"publish","type":"post","link":"https:\/\/cetr.net\/es\/manifiesto_el_dialogo_interreligioso\/","title":{"rendered":"Manifiesto \u00abEl di\u00e1logo interreligioso como desactivaci\u00f3n de las din\u00e1micas del odio\u00bb"},"content":{"rendered":"<p>El Manifiesto \u00ab<strong><em>El di\u00e1logo interreligioso como desactivaci\u00f3n de las din\u00e1micas del odio<\/em><\/strong>\u00ab, es la declaraci\u00f3n final de las Primeras Jornadas de la Red Catalana de Entidades de Di\u00e1logo Interreligioso, celebradas el pasado 6 de abril en Barcelona . Quiere ser una modesta pero decidida respuesta a una creciente presencia de las sutiles din\u00e1micas del odio en nuestra sociedad.<\/p>\n<p>El Manifiesto \u00ab<strong><em>El di\u00e1logo interreligioso como desactivaci\u00f3n de las din\u00e1micas del odio<\/em><\/strong>\u00ab, es la declaraci\u00f3n final de las Primeras Jornadas de la Red Catalana de Entidades de Di\u00e1logo Interreligioso, celebradas el pasado 6 de abril en Barcelona . Quiere ser una modesta pero decidida respuesta a una creciente presencia de las sutiles din\u00e1micas del odio en nuestra sociedad.<\/p>\n<p>Este manifiesto es el resultado de un largo trabajo de la Comisi\u00f3n de formaci\u00f3n de la Red y de cada uno de los grupos y personas de las entidades miembro que, durante m\u00e1s de un a\u00f1o y medio han le\u00eddo materiales, los han debatido, los han contrastado con las realidades envolventes y han compartido sus reflexiones con el fin de llegar a un consenso entre todas las entidades. El manifiesto es fruto de ese consenso.<\/p>\n<p>Este manifiesto quiere servir para orientar la labor de cada una de las entidades miembro en su compromiso de construir una sociedad dialogal, arraigada espiritualmente, cohesionada y socialmente solidaria. En este sentido la publicaci\u00f3n del manifiesto abre una campa\u00f1a para denunciar la situaci\u00f3n y proponer acciones sin\u00e9rgicas, imaginativas y creativas para prevenir y combatir las din\u00e1micas del odio. Queremos adem\u00e1s ofrecer el Manifiesto y la campa\u00f1a a toda la sociedad con la esperanza de que lo sienta como suyo y nos ayude a construir una cultura de paz y de di\u00e1logo que denuncie los prejuicios y estereotipos que contribuyen a generar din\u00e1micas de intolerancia o, incluso, de odio.<\/p>\n<p>La Red (<em>Xarxa Catalana d\u2019Entitats de Di\u00e0leg Interreligi\u00f3s<\/em>) est\u00e1 formada por dieciocho entidades de di\u00e1logo interreligioso del \u00e1rea geogr\u00e1fica de cultura catalana (http:\/\/www.audir.org \/ index.php\/xarxa-catalana-dentitats-mainmenu-32). El servicio de coordinaci\u00f3n de la Red lo lleva la Asociaci\u00f3n UNESCO para el Di\u00e1logo Interreligioso.<\/p>\n<p style=\"text-align: center;\"><a href=\"http:\/\/cetr.net\/files\/1373227362_manifiesto_final_castella.pdf\"><span style=\"color: #800000;\"><strong>Descargar el manifiesto<\/strong><\/span><\/a><\/p>\n","protected":false},"excerpt":{"rendered":"<p>El Manifiesto \u00abEl di\u00e1logo interreligioso como desactivaci\u00f3n de las din\u00e1micas del odio\u00ab, es la declaraci\u00f3n final de las Primeras Jornadas de la Red Catalana de Entidades de Di\u00e1logo Interreligioso, celebradas el pasado 6 de abril en Barcelona . Quiere ser una modesta pero decidida respuesta a una creciente presencia de las sutiles din\u00e1micas del odio&hellip;<\/p>\n","protected":false},"author":1,"featured_media":56698,"comment_status":"open","ping_status":"closed","sticky":false,"template":"","format":"standard","meta":{"_acf_changed":false,"footnotes":""},"categories":[158],"tags":[430],"post_series":[],"class_list":["post-56697","post","type-post","status-publish","format-standard","has-post-thumbnail","hentry","category-la-sabiduria-en","tag-en-dialogo","entry","has-media"],"acf":[],"_links":{"self":[{"href":"https:\/\/cetr.net\/es\/wp-json\/wp\/v2\/posts\/56697","targetHints":{"allow":["GET"]}}],"collection":[{"href":"https:\/\/cetr.net\/es\/wp-json\/wp\/v2\/posts"}],"about":[{"href":"https:\/\/cetr.net\/es\/wp-json\/wp\/v2\/types\/post"}],"author":[{"embeddable":true,"href":"https:\/\/cetr.net\/es\/wp-json\/wp\/v2\/users\/1"}],"replies":[{"embeddable":true,"href":"https:\/\/cetr.net\/es\/wp-json\/wp\/v2\/comments?post=56697"}],"version-history":[{"count":1,"href":"https:\/\/cetr.net\/es\/wp-json\/wp\/v2\/posts\/56697\/revisions"}],"predecessor-version":[{"id":59770,"href":"https:\/\/cetr.net\/es\/wp-json\/wp\/v2\/posts\/56697\/revisions\/59770"}],"wp:featuredmedia":[{"embeddable":true,"href":"https:\/\/cetr.net\/es\/wp-json\/wp\/v2\/media\/56698"}],"wp:attachment":[{"href":"https:\/\/cetr.net\/es\/wp-json\/wp\/v2\/media?parent=56697"}],"wp:term":[{"taxonomy":"category","embeddable":true,"href":"https:\/\/cetr.net\/es\/wp-json\/wp\/v2\/categories?post=56697"},{"taxonomy":"post_tag","embeddable":true,"href":"https:\/\/cetr.net\/es\/wp-json\/wp\/v2\/tags?post=56697"},{"taxonomy":"post_series","embeddable":true,"href":"https:\/\/cetr.net\/es\/wp-json\/wp\/v2\/post_series?post=56697"}],"curies":[{"name":"wp","href":"https:\/\/api.w.org\/{rel}","templated":true}]}}