{"id":56816,"date":"2013-11-07T00:00:00","date_gmt":"2013-11-07T00:00:00","guid":{"rendered":""},"modified":"2021-07-14T15:41:43","modified_gmt":"2021-07-14T13:41:43","slug":"la_sabiduria_de_nuestros_antepasados-2","status":"publish","type":"post","link":"https:\/\/cetr.net\/es\/la_sabiduria_de_nuestros_antepasados-2\/","title":{"rendered":"La sabidur\u00eda de nuestros antepasados para sociedades en tr\u00e1nsito. Principios de Epistemolog\u00eda Axiol\u00f3gica 2"},"content":{"rendered":"<p>Edici\u00f3n: Ed. Bubok, 2013, 320p<br \/>\nISBN: 978-84-686-4502-5<br \/>\nPreu: 13\u20ac<\/p>\n<p><a href=\"http:\/\/www.bubok.es\/libros\/228691\/LA-SABIDURIA-DE-NUESTROS-ANTEPASADOS-PARA--SOCIEDADES-EN-TRANSITO-Principios-de-Epistemologia-Axiologica-2\">Descarga gratuita o <\/a><a title=\"La sabidur\u00eda de nuestros antepasados para sociedades en tr\u00e1nsito\" href=\"http:\/\/www.bubok.es\/libros\/228691\/LA-SABIDURIA-DE-NUESTROS-ANTEPASADOS-PARA--SOCIEDADES-EN-TRANSITO-Principios-de-Epistemologia-Axiologica-2\" target=\"_blank\" rel=\"noopener\">compra online<\/a><br \/>\n<span style=\"color: #800000;\">P\u00eddelo en tu libreria o c\u00f3mpralo en nuestro centro.<strong><br \/>\n<\/strong><\/span><\/p>\n<p>Generamos -y vivimos en- unas sociedades que cambian continuamente en todos los niveles. M\u00e1s que nunca requerimos de una honda cualidad humana, capaz de conducir esos tr\u00e1nsitos y el poder de nuestras tecnociencias, una cualidad accesible a todos.<br \/>\n\u00bfPretendemos inventar desde cero esa imprescindible sabidur\u00eda, o vamos a ser capaces de heredar el legado de nuestros antepasados? Este libro nos sit\u00faa ante ejemplos de c\u00f3mo podr\u00eda llevarse a cabo ese \u201crecoger el vino\u201d, sin perder ni una gota, pero d\u00e1ndole vida en unas condiciones radicalmente nuevas.<\/p>\n<p><em>SUMARIO<\/em><\/p>\n<p><strong>INTRODUCCI\u00d3N<\/strong> 11<\/p>\n<p style=\"padding-left: 60px;\"><strong>Primera parte<\/strong><\/p>\n<p><strong>ESTRUCTURA B\u00c1SICA DE LA CUALIDAD HUMANA PROFUNDA Y\u00a0<\/strong><strong>DE SU TRANSMISI\u00d3N <\/strong>23<\/p>\n<p><strong>LA TRADICI\u00d3N CRISTIANA<\/strong> 27<\/p>\n<p style=\"padding-left: 30px;\">Evangelio de Mateo 27<\/p>\n<p style=\"padding-left: 60px;\">Rasgos de la contraposici\u00f3n 27<br \/>\n<em>La vida desde el silencio de la egocentraci\u00f3n <\/em>27<br \/>\n<em>Negaciones de la vida centrada en el ego <\/em>29<br \/>\nEstrategia general 30<br \/>\nT\u00e1cticas 30<\/p>\n<p style=\"padding-left: 30px;\">Evangelio de Marcos 36<\/p>\n<p style=\"padding-left: 60px;\">La contraposici\u00f3n de dos modos de vida 36<br \/>\n<em>La vida desde el silencio de la egocentraci\u00f3n <\/em>36<br \/>\n<em>Vida desde la egocentraci\u00f3n. <\/em>37<br \/>\n<em>Negaci\u00f3n de la vida egocentrada <\/em>38<br \/>\nEstrategia general 39<br \/>\nT\u00e1cticas 40<\/p>\n<p style=\"padding-left: 30px;\">Evangelio de Lucas 46<\/p>\n<p style=\"padding-left: 60px;\">Rasgos de la contraposici\u00f3n 46<br \/>\n<em>La vida desde el silencio de la egocentraci\u00f3n <\/em>46<br \/>\n<em>La vida desde la egocentraci\u00f3n <\/em>47<br \/>\n<em>Negaci\u00f3n de la vida egocentrada <\/em>48<br \/>\nEstrategia general 50<br \/>\nT\u00e1cticas 51<\/p>\n<p style=\"padding-left: 30px;\">Evangelio de Juan 63<\/p>\n<p style=\"padding-left: 60px;\">Rasgos de la contraposici\u00f3n 63<br \/>\n<em>La vida desde el silencio de la egocentraci\u00f3n <\/em>63<br \/>\n<em>La vida de la egocentraci\u00f3n <\/em>64<br \/>\n<em>Negaci\u00f3n de la vida egocentrada <\/em>64<br \/>\nEstrategia general 65<br \/>\nT\u00e1cticas 68<\/p>\n<p>En un lenguaje m\u00e1s accesible a nuestras sociedades 73<br \/>\nConclusiones del an\u00e1lisis de los cuatro Evangelios 75<\/p>\n<p style=\"padding-left: 30px;\">Pablo. Ep\u00edstola a los romanos 77<\/p>\n<p style=\"padding-left: 60px;\">La vida desde la egocentraci\u00f3n 79<br \/>\nEstrategias 81<br \/>\nNegaci\u00f3n de la vida egocentrada y t\u00e1cticas 82<br \/>\nLa vida desde el silencio de la egocentraci\u00f3n 87<\/p>\n<p><strong>TRADICI\u00d3N MUSULMANA<\/strong> 89<\/p>\n<p style=\"padding-left: 30px;\">El Cor\u00e1n 89<\/p>\n<p style=\"padding-left: 60px;\">El mundo de la egocentraci\u00f3n 95<br \/>\nEl silencio de la egocentraci\u00f3n 96<br \/>\nLa negaci\u00f3n de la egocentraci\u00f3n 97<br \/>\nEstrategia general 98<br \/>\nT\u00e1cticas 100<br \/>\nEl juicio final, el para\u00edso y el infierno 109<\/p>\n<p><strong>TRADICI\u00d3N BUDISTA<\/strong> 115<\/p>\n<p style=\"padding-left: 30px;\">Sutras budistas 115<br \/>\n<em>Praj\u00f1\u00e2p\u00e2ramit\u00e2-Ratnagunasamcayagh\u00e2t\u00e2 <\/em>115<br \/>\nSutra del Praj\u00f1\u00e2p\u00e2ramit\u00e2 116<\/p>\n<p style=\"padding-left: 60px;\"><em>Opci\u00f3n de vida egocentrada <\/em>117<br \/>\n<em>Opci\u00f3n de vida desde el silencio de la egocentraci\u00f3n <\/em>120<br \/>\nRasgos del sabio (<em>Bodhisattva<\/em>), el que ha realizado la plena desegocentraci\u00f3n 128<br \/>\nIm\u00e1genes de la sabidur\u00eda como vida desegocentrada 143<br \/>\nEstrategia general 148<br \/>\nT\u00e1cticas 150<\/p>\n<p style=\"padding-left: 30px;\">El Sutra del diamante 156<\/p>\n<p style=\"padding-left: 60px;\">La negaci\u00f3n de la vida egocentrada 158<br \/>\nT\u00e1cticas 176<br \/>\nComo conclusi\u00f3n de este apartado 188<\/p>\n<p><strong>TRADICI\u00d3N HIND\u00da<\/strong> 189<\/p>\n<p style=\"padding-left: 30px;\"><em>Brihad\u00e2ranyaka Upanishad<\/em> 189<\/p>\n<p style=\"padding-left: 60px;\">Estrategia general 203<br \/>\nT\u00e1cticas 203<\/p>\n<p style=\"padding-left: 30px;\"><em>Ch\u00e2ndogya Upanishad<\/em> 207<\/p>\n<p style=\"padding-left: 60px;\">Lo que nos rodea, esto, no es lo que parece ser 207<br \/>\nEstrategia general 220<br \/>\nT\u00e1cticas 220<\/p>\n<p>Algunas reflexiones sobre las dos Upanishad estudiadas 222<\/p>\n<p>QU\u00c9 HEMOS CONSEGUIDO HASTA AHORA 223<\/p>\n<p style=\"padding-left: 60px;\"><strong>\u00a0<\/strong><strong>Segunda parte<\/strong><\/p>\n<p><strong>EL CULTIVO DE LA CUALIDAD HUMANA PROFUNDA EN LAS SOCIEDADES\u00a0<\/strong><strong>DE CONOCIMIENTO <\/strong>227<\/p>\n<ul>\n<li>La nueva situaci\u00f3n en relaci\u00f3n a nuestro doble acceso a lo real 230<\/li>\n<li>Fundamentaci\u00f3n del cultivo intensivo de la dimensi\u00f3n absoluta de lo real 233<\/li>\n<li>\u00bfC\u00f3mo cultivar la dimensi\u00f3n absoluta de lo real sin mitos ni creencias? 238<\/li>\n<li>Cultivo de la dimensi\u00f3n no relativa de la existencia 248<\/li>\n<li>\u00abInter\u00e9s, desapego y silenciamiento (IDS)\u00bb e \u00abindagaci\u00f3n, comunicaci\u00f3n y servicio (ICS)\u00bb en las tradiciones 251<\/li>\n<\/ul>\n<p style=\"padding-left: 60px;\">El inter\u00e9s 255<br \/>\nLa indagaci\u00f3n 258<br \/>\nEl desapego o distanciamiento 276<br \/>\nEl silencio 286<br \/>\nLa comunicaci\u00f3n 289<br \/>\nEl servicio 295<\/p>\n<p><strong>CONCLUSI\u00d3N <\/strong>301<\/p>\n","protected":false},"excerpt":{"rendered":"<p>Generamos -y vivimos en- unas sociedades que cambian continuamente en todos los niveles. M\u00e1s que nunca requerimos de una honda cualidad humana, capaz de conducir esos tr\u00e1nsitos y el poder de nuestras tecnociencias, una cualidad accesible a todos.<br \/>\n\u00bfPretendemos inventar desde cero esa imprescindible sabidur\u00eda, o vamos a ser capaces de heredar el legado de nuestros antepasados? Este libro nos sit\u00faa ante ejemplos de c\u00f3mo podr\u00eda llevarse a cabo ese \u201crecoger el vino\u201d, sin perder ni una gota, pero d\u00e1ndole vida en unas condiciones radicalmente nuevas.<\/p>\n","protected":false},"author":1,"featured_media":68336,"comment_status":"open","ping_status":"closed","sticky":false,"template":"","format":"standard","meta":{"_acf_changed":false,"footnotes":""},"categories":[332,149],"tags":[],"post_series":[],"class_list":["post-56816","post","type-post","status-publish","format-standard","has-post-thumbnail","hentry","category-maria-corbi-es","category-nuestros-libros","entry","has-media"],"acf":[],"_links":{"self":[{"href":"https:\/\/cetr.net\/es\/wp-json\/wp\/v2\/posts\/56816","targetHints":{"allow":["GET"]}}],"collection":[{"href":"https:\/\/cetr.net\/es\/wp-json\/wp\/v2\/posts"}],"about":[{"href":"https:\/\/cetr.net\/es\/wp-json\/wp\/v2\/types\/post"}],"author":[{"embeddable":true,"href":"https:\/\/cetr.net\/es\/wp-json\/wp\/v2\/users\/1"}],"replies":[{"embeddable":true,"href":"https:\/\/cetr.net\/es\/wp-json\/wp\/v2\/comments?post=56816"}],"version-history":[{"count":7,"href":"https:\/\/cetr.net\/es\/wp-json\/wp\/v2\/posts\/56816\/revisions"}],"predecessor-version":[{"id":68366,"href":"https:\/\/cetr.net\/es\/wp-json\/wp\/v2\/posts\/56816\/revisions\/68366"}],"wp:featuredmedia":[{"embeddable":true,"href":"https:\/\/cetr.net\/es\/wp-json\/wp\/v2\/media\/68336"}],"wp:attachment":[{"href":"https:\/\/cetr.net\/es\/wp-json\/wp\/v2\/media?parent=56816"}],"wp:term":[{"taxonomy":"category","embeddable":true,"href":"https:\/\/cetr.net\/es\/wp-json\/wp\/v2\/categories?post=56816"},{"taxonomy":"post_tag","embeddable":true,"href":"https:\/\/cetr.net\/es\/wp-json\/wp\/v2\/tags?post=56816"},{"taxonomy":"post_series","embeddable":true,"href":"https:\/\/cetr.net\/es\/wp-json\/wp\/v2\/post_series?post=56816"}],"curies":[{"name":"wp","href":"https:\/\/api.w.org\/{rel}","templated":true}]}}