{"id":57319,"date":"2015-07-07T00:00:00","date_gmt":"2015-07-07T00:00:00","guid":{"rendered":""},"modified":"2016-09-04T16:44:17","modified_gmt":"2016-09-04T14:44:17","slug":"mas_intimo_que_mi_propia_intimidad","status":"publish","type":"post","link":"https:\/\/cetr.net\/es\/mas_intimo_que_mi_propia_intimidad\/","title":{"rendered":"M\u00e1s \u00edntimo que mi propia intimidad"},"content":{"rendered":"<p>Nuevo libro de \u201cmeditaciones en verso\u201d, de Mari\u00e0 Corb\u00ed. \u201cLo que ofrecemos \u2013dice el autor- son s\u00f3lo breves e intensos intentos para comprender y percibir con todos los sentidos lo que todo esto, la totalidad de la realidad, es; y no s\u00f3lo lo que nuestra condici\u00f3n de seres necesitados modela a su medida y toma por lo que es\u201d.<\/p>\n<p style=\"text-align: center;\">\u00a0<a href=\"http:\/\/www.bubok.es\/libros\/239972\/Mas-intimo-que-mi-propia-intimidad\"><span style=\"color: #800000;\"><strong>Compra del ejemplar impreso,\u00a0 o descarga <\/strong><\/span><\/a><\/p>\n<p><span style=\"color: #800000;\"><em><strong>Una peque\u00f1a selecci\u00f3n:<\/strong><\/em><\/span><\/p>\n<p>&nbsp;<\/p>\n<p><strong><em>He vivido<\/em><\/strong><\/p>\n<p>He vivido,<\/p>\n<p>he existido.<\/p>\n<p>&nbsp;<\/p>\n<p>\u00a1Qu\u00e9 raro es el vivir!<\/p>\n<p>\u00a1Qu\u00e9 raro el existir!<\/p>\n<p>&nbsp;<\/p>\n<p>\u00bfQu\u00e9 es eso que ha sido,<\/p>\n<p>cuando he existido?<\/p>\n<p>&nbsp;<\/p>\n<p>\u00bfQu\u00e9 es lo que concluye<\/p>\n<p>cuando se me excluye?<\/p>\n<p>&nbsp;<\/p>\n<p>\u00bfQu\u00e9 es eso que se va?<\/p>\n<p>\u00bfQu\u00e9 es eso que resta?<\/p>\n<p>&nbsp;<\/p>\n<p>Nadie ha vivido.<\/p>\n<p>\u00bfQu\u00e9 es lo que ha sido?<\/p>\n<p>&nbsp;<\/p>\n<p>No es lo que he cre\u00eddo.<\/p>\n<p>S\u00f3lo el misterio resta.<\/p>\n<p>&nbsp;<\/p>\n<p>&nbsp;<\/p>\n<p><strong><em>El ser de mi ser<\/em><\/strong><\/p>\n<p>\u00a1Oh Eso que es,<\/p>\n<p>que es como mente!<\/p>\n<p>&nbsp;<\/p>\n<p>Eres el ser de mi ser,<\/p>\n<p>el sentir de mi sentir.<\/p>\n<p>&nbsp;<\/p>\n<p>T\u00fa la mente de mi mente,<\/p>\n<p>T\u00fa los ojos de mis ojos,<\/p>\n<p>o\u00eddo de mis o\u00eddos,<\/p>\n<p>&nbsp;<\/p>\n<p>T\u00fa eres lo m\u00e1s \u00edntimo<\/p>\n<p>de mi propia intimidad.<\/p>\n<p>&nbsp;<\/p>\n<p>T\u00fa no eres otro de m\u00ed,<\/p>\n<p>ni yo soy otro de Ti.<\/p>\n<p>&nbsp;<\/p>\n<p>\u00bfQui\u00e9n es frente a Ti,<\/p>\n<p>\u00danico?<\/p>\n<p>&nbsp;<\/p>\n<p>Ilumina mente y cuerpo<\/p>\n<p>para que pueda comprender<\/p>\n<p>lo que no puedo pensar.<\/p>\n<p>&nbsp;<\/p>\n<p>\u00a1Oh T\u00fa que eres \u00danico!<\/p>\n<p>&nbsp;<\/p>\n<p>&nbsp;<\/p>\n<p><strong><em>Mi verdad<\/em><\/strong><\/p>\n<p>\u00bfCu\u00e1l es mi verdad?<\/p>\n<p>La nada de m\u00ed.<\/p>\n<p>Verdad\u00a0 misteriosa<\/p>\n<p>que duro destroza<\/p>\n<p>mi credo central.<\/p>\n<p>&nbsp;<\/p>\n<p>Nadie en m\u00ed ha venido,<\/p>\n<p>ni nadie se ha ido.<\/p>\n<p>Vac\u00edo de m\u00ed,<\/p>\n<p>esa es mi verdad.<\/p>\n<p>&nbsp;<\/p>\n<p>Mi supuesto ser<\/p>\n<p>es mi necedad.<\/p>\n<p>La ignorancia plena<\/p>\n<p>de mi realidad<\/p>\n<p>es sabidur\u00eda.<\/p>\n<p>&nbsp;<\/p>\n<p>Cuando s\u00e9 mi nada,<\/p>\n<p>con clara certeza,<\/p>\n<p>s\u00e9 de mi misterio:<\/p>\n<p>la nada de m\u00ed.<\/p>\n<p>&nbsp;<\/p>\n<p>Mi muerte me vuelve<\/p>\n<p>a mi realidad,<\/p>\n<p>anula y quebranta<\/p>\n<p>mi central criterio,<\/p>\n<p>que es mi cautiverio:<\/p>\n<p>&nbsp;<\/p>\n<p>pensar que soy alguien<\/p>\n<p>venido a este mundo,<\/p>\n<p>que en d\u00eda no lejano<\/p>\n<p>se debe marchar.<\/p>\n<p>&nbsp;<\/p>\n<p>&nbsp;<\/p>\n<p><strong><em>Como aguas del mar<\/em><\/strong><\/p>\n<p>Como aguas del mar<\/p>\n<p>que el sol evapora,<\/p>\n<p>que se vuelven nubes,<\/p>\n<p>que el viento traslada,<\/p>\n<p>as\u00ed es mi existencia.<\/p>\n<p>&nbsp;<\/p>\n<p>Como nubes chocan<\/p>\n<p>con altas monta\u00f1as<\/p>\n<p>y se vuelven lluvias<\/p>\n<p>y arroyos r\u00e1pidos<\/p>\n<p>que entre pe\u00f1as bajan,<\/p>\n<p>as\u00ed es mi existencia.<\/p>\n<p>&nbsp;<\/p>\n<p>Como r\u00edos bravos<\/p>\n<p>de empinados valles,<\/p>\n<p>que llegan al llano<\/p>\n<p>y en \u00e9l se remansan,<\/p>\n<p>as\u00ed es mi existencia.<\/p>\n<p>&nbsp;<\/p>\n<p>Como mansas aguas<\/p>\n<p>que riegan los campos,<\/p>\n<p>pueblos y ciudades<\/p>\n<p>y llegan al mar,<\/p>\n<p>as\u00ed es mi existencia.<\/p>\n<p>&nbsp;<\/p>\n<p>Del mar son los r\u00edos,<\/p>\n<p>de \u00e9l arrancaron<\/p>\n<p>y a \u00e9l regresaron<\/p>\n<p>tras corto viaje,<\/p>\n<p>as\u00ed es mi existencia.<\/p>\n<p>&nbsp;<\/p>\n<p><strong><em>Sin motivo<\/em><\/strong><\/p>\n<p>Todo es sin motivo,<\/p>\n<p>los \u00e1rboles del bosque,<\/p>\n<p>las plantas y las flores,<\/p>\n<p>las especies de insectos,<\/p>\n<p>animales salvajes,<\/p>\n<p>los miles de p\u00e1jaros<\/p>\n<p>que despiertan el d\u00eda,<\/p>\n<p>la luz de la ma\u00f1ana,<\/p>\n<p>las noches estrelladas,<\/p>\n<p>el sol que nos alumbra,<\/p>\n<p>la tenue y suave luna.<\/p>\n<p>Todo es sin motivo,<\/p>\n<p>rico, diverso, uno.<\/p>\n<p>\u00a1Oh! \u00a1C\u00f3mo lo amo todo,<\/p>\n<p>yo tambi\u00e9n sin motivo!<\/p>\n<p>&nbsp;<\/p>\n<p>&nbsp;<\/p>\n<p><strong><em>\u00bfQu\u00e9 es lo que es?<\/em><\/strong><\/p>\n<p>\u00bfQu\u00e9 es lo que es?<\/p>\n<p>&nbsp;<\/p>\n<p>Es como un Dios,<\/p>\n<p>pero no es Dios.<\/p>\n<p>&nbsp;<\/p>\n<p>Es como mente,<\/p>\n<p>pero no es mente.<\/p>\n<p>&nbsp;<\/p>\n<p>Es como \u201cotro\u201d,<\/p>\n<p>pero no es \u201cotro\u201d.<\/p>\n<p>&nbsp;<\/p>\n<p>Es como un T\u00fa,<\/p>\n<p>mas no es un T\u00fa.<\/p>\n<p>&nbsp;<\/p>\n<p>\u201cEso\u201d es todo,<\/p>\n<p>porque es nada.<\/p>\n<p>&nbsp;<\/p>\n<p>Es, no siendo.<\/p>\n<p>&nbsp;<\/p>\n<p>\u00bfC\u00f3mo pensarlo?<\/p>\n<p>\u00bfC\u00f3mo sentirlo?<\/p>\n<p>&nbsp;<\/p>\n<p>Es el inconcebible.<\/p>\n<p>Es el impensable.<\/p>\n<p>&nbsp;<\/p>\n<p>Querr\u00eda verlo,<\/p>\n<p>querr\u00eda tocarlo.<\/p>\n<p>&nbsp;<\/p>\n<p>\u00a1Necio, le ves!<\/p>\n<p>\u00a1Necio, le tocas!<\/p>\n<p>&nbsp;<\/p>\n<p>Le ves en el cielo azul,<\/p>\n<p>te toca con el calor del sol,<\/p>\n<p>&nbsp;<\/p>\n<p>le oyes en el canto de los p\u00e1jaros,<\/p>\n<p>y en la voz de quienes te hablan,<\/p>\n<p>&nbsp;<\/p>\n<p>le ves en plantas y flores,<\/p>\n<p>en los hombres y las bestias,<\/p>\n<p>&nbsp;<\/p>\n<p>en los \u00e1rboles del bosque,<\/p>\n<p>en tu propio ver y sentir.<\/p>\n<p>&nbsp;<\/p>\n<p>\u00c9l, el lejano, es el pr\u00f3ximo.<\/p>\n<p>\u00c9l, el sutil, es el \u00edntimo.<\/p>\n<p>&nbsp;<\/p>\n<p>\u00bfPor qu\u00e9 buscas lejos<\/p>\n<p>al que est\u00e1 cerca?<\/p>\n<p>&nbsp;<\/p>\n<p>\u00bfPor qu\u00e9 buscas como \u201cotro\u201d<\/p>\n<p>al que no es \u201cotro\u201d de nada?<\/p>\n<p>&nbsp;<\/p>\n<p>\u00bfPor qu\u00e9 buscas ansioso<\/p>\n<p>al que es tu propio ser?<\/p>\n<p>&nbsp;<\/p>\n<p>No emprendas un camino<\/p>\n<p>que te aleja del Pr\u00f3ximo.<\/p>\n<p>&nbsp;<\/p>\n<p>No busques en las profundidades<\/p>\n<p>al que es Patente, Manifiesto.<\/p>\n<p>&nbsp;<\/p>\n<p>&nbsp;<\/p>\n<p><strong><em>El bosque al anochecer<\/em><\/strong><\/p>\n<p>Cuando ya entra la noche,<\/p>\n<p>\u00a1qu\u00e9 grande es el silencio,<\/p>\n<p>la soledad del bosque!<\/p>\n<p>&nbsp;<\/p>\n<p>Te veo y no s\u00e9 qu\u00e9 veo.<\/p>\n<p>Te siento y no s\u00e9 qu\u00e9 siento.<\/p>\n<p>Te soy y no s\u00e9 qu\u00e9 soy.<\/p>\n<p>&nbsp;<\/p>\n<p>&nbsp;<\/p>\n<p>&nbsp;<\/p>\n<p>&nbsp;<\/p>\n<p>&nbsp;<\/p>\n<p>&nbsp;<\/p>\n<p>&nbsp;<\/p>\n<p>&nbsp;<\/p>\n<p>&nbsp;<\/p>\n<p>&nbsp;<\/p>\n<p>&nbsp;<\/p>\n<p>&nbsp;<\/p>\n<p>&nbsp;<\/p>\n<p>&nbsp;<\/p>\n<p>&nbsp;<\/p>\n<p>http:\/\/www.bubok.es\/libros\/239972\/Mas-intimo-que-mi-propia-intimidad<\/p>\n","protected":false},"excerpt":{"rendered":"<p>Nuevo libro de \u201cmeditaciones en verso\u201d, de Mari\u00e0 Corb\u00ed. \u201cLo que ofrecemos \u2013dice el autor- son s\u00f3lo breves e intensos intentos para comprender y percibir con todos los sentidos lo que todo esto, la totalidad de la realidad, es; y no s\u00f3lo lo que nuestra condici\u00f3n de seres necesitados modela a su medida y toma&hellip;<\/p>\n","protected":false},"author":1,"featured_media":57320,"comment_status":"open","ping_status":"closed","sticky":false,"template":"","format":"standard","meta":{"_acf_changed":false,"footnotes":""},"categories":[158],"tags":[417],"post_series":[],"class_list":["post-57319","post","type-post","status-publish","format-standard","has-post-thumbnail","hentry","category-la-sabiduria-en","tag-cultivo-de-la-cualidad-humana","entry","has-media"],"acf":[],"_links":{"self":[{"href":"https:\/\/cetr.net\/es\/wp-json\/wp\/v2\/posts\/57319","targetHints":{"allow":["GET"]}}],"collection":[{"href":"https:\/\/cetr.net\/es\/wp-json\/wp\/v2\/posts"}],"about":[{"href":"https:\/\/cetr.net\/es\/wp-json\/wp\/v2\/types\/post"}],"author":[{"embeddable":true,"href":"https:\/\/cetr.net\/es\/wp-json\/wp\/v2\/users\/1"}],"replies":[{"embeddable":true,"href":"https:\/\/cetr.net\/es\/wp-json\/wp\/v2\/comments?post=57319"}],"version-history":[{"count":1,"href":"https:\/\/cetr.net\/es\/wp-json\/wp\/v2\/posts\/57319\/revisions"}],"predecessor-version":[{"id":59759,"href":"https:\/\/cetr.net\/es\/wp-json\/wp\/v2\/posts\/57319\/revisions\/59759"}],"wp:featuredmedia":[{"embeddable":true,"href":"https:\/\/cetr.net\/es\/wp-json\/wp\/v2\/media\/57320"}],"wp:attachment":[{"href":"https:\/\/cetr.net\/es\/wp-json\/wp\/v2\/media?parent=57319"}],"wp:term":[{"taxonomy":"category","embeddable":true,"href":"https:\/\/cetr.net\/es\/wp-json\/wp\/v2\/categories?post=57319"},{"taxonomy":"post_tag","embeddable":true,"href":"https:\/\/cetr.net\/es\/wp-json\/wp\/v2\/tags?post=57319"},{"taxonomy":"post_series","embeddable":true,"href":"https:\/\/cetr.net\/es\/wp-json\/wp\/v2\/post_series?post=57319"}],"curies":[{"name":"wp","href":"https:\/\/api.w.org\/{rel}","templated":true}]}}