{"id":58870,"date":"2016-05-25T09:58:30","date_gmt":"2016-05-25T07:58:30","guid":{"rendered":"http:\/\/cetr.net\/?p=58870&#038;lang=es"},"modified":"2016-05-25T09:58:30","modified_gmt":"2016-05-25T07:58:30","slug":"lo-religioso-despues-de-la-religion","status":"publish","type":"post","link":"https:\/\/cetr.net\/es\/lo-religioso-despues-de-la-religion\/","title":{"rendered":"Lo religioso despu\u00e9s de la religi\u00f3n"},"content":{"rendered":"<p>UNA ESPIRITUALIDAD LAICA: TEOR\u00cdA Y PR\u00c1CTICA<\/p>\n<p><img decoding=\"async\" src=\"http:\/\/www.cetr.net\/UserFiles\/Image\/2009-01-28.jpg\" alt=\"\" \/>\u00bfQu\u00e9 tipo de espiritualidad para la sociedad contempor\u00e1nea, laica y sin creencias? \u00bfC\u00f3mo desarrollar estos \u00e1mbitos de calidad humana actualmente? Un conjunto de propuestas para abordar esta cuesti\u00f3n y este reto.<\/p>\n<p>La espiritualidad laica: lecturas comentadas.<br \/>\nLa espiritualidad sin religiones es posible. El seminario invita a profundizar en ello a partir de las aportaciones de autores que abordan la posibilidad desde perspectivas complementarias. Cada m\u00f3dulo es independiente pero la suma de los tres ofrece una visi\u00f3n m\u00e1s completa.<\/p>\n<p>L. Ferry y Marcel Gauchet. Lo religioso despu\u00e9s de la religi\u00f3n. (Anthropos).<br \/>\nA cargo de Montse Cucarull<br \/>\n28 de enero y 4 de febrero, 2 mi\u00e9rcoles de 19:30 a 21:00 h.<\/p>\n","protected":false},"excerpt":{"rendered":"<p>UNA ESPIRITUALIDAD LAICA: TEOR\u00cdA Y PR\u00c1CTICA \u00bfQu\u00e9 tipo de espiritualidad para la sociedad contempor\u00e1nea, laica y sin creencias? \u00bfC\u00f3mo desarrollar estos \u00e1mbitos de calidad humana actualmente? Un conjunto de propuestas para abordar esta cuesti\u00f3n y este reto. La espiritualidad laica: lecturas comentadas. La espiritualidad sin religiones es posible. El seminario invita a profundizar en ello&hellip;<\/p>\n","protected":false},"author":1,"featured_media":0,"comment_status":"closed","ping_status":"closed","sticky":false,"template":"","format":"standard","meta":{"_acf_changed":false,"footnotes":""},"categories":[383],"tags":[],"post_series":[],"class_list":["post-58870","post","type-post","status-publish","format-standard","hentry","category-el-hecho-religioso","entry","no-media"],"acf":[],"_links":{"self":[{"href":"https:\/\/cetr.net\/es\/wp-json\/wp\/v2\/posts\/58870","targetHints":{"allow":["GET"]}}],"collection":[{"href":"https:\/\/cetr.net\/es\/wp-json\/wp\/v2\/posts"}],"about":[{"href":"https:\/\/cetr.net\/es\/wp-json\/wp\/v2\/types\/post"}],"author":[{"embeddable":true,"href":"https:\/\/cetr.net\/es\/wp-json\/wp\/v2\/users\/1"}],"replies":[{"embeddable":true,"href":"https:\/\/cetr.net\/es\/wp-json\/wp\/v2\/comments?post=58870"}],"version-history":[{"count":1,"href":"https:\/\/cetr.net\/es\/wp-json\/wp\/v2\/posts\/58870\/revisions"}],"predecessor-version":[{"id":58871,"href":"https:\/\/cetr.net\/es\/wp-json\/wp\/v2\/posts\/58870\/revisions\/58871"}],"wp:attachment":[{"href":"https:\/\/cetr.net\/es\/wp-json\/wp\/v2\/media?parent=58870"}],"wp:term":[{"taxonomy":"category","embeddable":true,"href":"https:\/\/cetr.net\/es\/wp-json\/wp\/v2\/categories?post=58870"},{"taxonomy":"post_tag","embeddable":true,"href":"https:\/\/cetr.net\/es\/wp-json\/wp\/v2\/tags?post=58870"},{"taxonomy":"post_series","embeddable":true,"href":"https:\/\/cetr.net\/es\/wp-json\/wp\/v2\/post_series?post=58870"}],"curies":[{"name":"wp","href":"https:\/\/api.w.org\/{rel}","templated":true}]}}