{"id":58966,"date":"2016-06-02T11:05:52","date_gmt":"2016-06-02T09:05:52","guid":{"rendered":"http:\/\/cetr.net\/?p=58966&#038;lang=es"},"modified":"2016-06-02T11:05:52","modified_gmt":"2016-06-02T09:05:52","slug":"la-calidad-humana-fuente-de-equidad-y-justicia-la-herencia-de-las-tradiciones-de-sabiduria","status":"publish","type":"post","link":"https:\/\/cetr.net\/es\/la-calidad-humana-fuente-de-equidad-y-justicia-la-herencia-de-las-tradiciones-de-sabiduria\/","title":{"rendered":"La calidad humana fuente de equidad y justicia. la herencia de las tradiciones de sabidur\u00eda."},"content":{"rendered":"<div class=\"wpb-content-wrapper\"><p>Com a plantejament general de la trobada, destaquem la comunicaci\u00f3 real que existeix entre la qualitat humana profunda (dimensi\u00f3 absoluta de la realitat) i els projectes col\u00b7lectius (dimensi\u00f3 relativa). L&#8217;important a destacar \u00e9s que la comunicaci\u00f3 entre les dimensions absoluta i relativa \u00e9s sempre indirecta i per aix\u00f2 mai no podem con\u00e8ixer els resultats de la mateixa. Utilitzem el terme comunicaci\u00f3 perqu\u00e8 no es pot parlar de relaci\u00f3 entre all\u00f2 inefable i all\u00f2 expressable.<\/p>\n<p>Un error freq\u00fcent a evitar \u00e9s la sobrevaloraci\u00f3 del projecte hum\u00e0 o la sobrevaloraci\u00f3 de la qualitat humana profunda. Caure en aquest error suposaria negar o menysprear una o altra dimensi\u00f3. El repte \u00e9s conrear i desenvolupar les dues dimensions de la manera m\u00e9s sin\u00e8rgica possible, en una forma de vida com la nostra, amb els seus reptes i desafiaments. Nom\u00e9s mantenint la distinci\u00f3 entre ambdues es pot assegurar la pres\u00e8ncia fecundadora d&#8217;una a l&#8217;altra.<\/p>\n[vc_row][vc_column][vc_column_text]Como planteamiento general, destacamos la comunicaci\u00f3n real que existe entre la cualidad humana profunda (dimensi\u00f3n absoluta de lo real) y los proyectos colectivos (dimensi\u00f3n relativa). Lo importante a destacar es que la comunicaci\u00f3n entre las dimensiones absoluta y relativa es siempre indirecta y por ello nunca podemos conocer los resultados de la misma. Utilizamos el t\u00e9rmino comunicaci\u00f3n porque no se puede hablar de relaci\u00f3n entre lo inefable y lo expresable.<\/p>\n<p>Un error frecuente a evitar es la sobrevaloraci\u00f3n del proyecto humano o la sobrevaloraci\u00f3n de la cualidad humana profunda. Caer en ese error supondr\u00eda negar o menospreciar una u otra dimensi\u00f3n. El reto es cultivar y desarrollar ambas dimensiones de la manera m\u00e1s sin\u00e9rgica posible, en una forma de vida como la nuestra, con sus retos y desaf\u00edos. S\u00f3lo manteniendo la distinci\u00f3n entre ambas se puede asegurar la presencia fecundadora de una en la otra.[\/vc_column_text][\/vc_column][\/vc_row]\n<\/div>","protected":false},"excerpt":{"rendered":"<p>Como planteamiento general, destacamos la comunicaci\u00f3n real que existe entre la cualidad humana profunda (dimensi\u00f3n absoluta de lo real) y los proyectos colectivos (dimensi\u00f3n relativa). Lo importante a destacar es que la comunicaci\u00f3n entre las dimensiones absoluta y relativa es siempre indirecta y por ello nunca podemos conocer los resultados de la misma. Utilizamos el t\u00e9rmino comunicaci\u00f3n porque no se puede hablar de relaci\u00f3n entre lo inefable y lo expresable. <\/p>\n","protected":false},"author":1,"featured_media":0,"comment_status":"closed","ping_status":"closed","sticky":false,"template":"","format":"standard","meta":{"_acf_changed":false,"footnotes":""},"categories":[395],"tags":[],"post_series":[],"class_list":["post-58966","post","type-post","status-publish","format-standard","hentry","category-encuentros-internacionales","entry","no-media"],"acf":[],"_links":{"self":[{"href":"https:\/\/cetr.net\/es\/wp-json\/wp\/v2\/posts\/58966","targetHints":{"allow":["GET"]}}],"collection":[{"href":"https:\/\/cetr.net\/es\/wp-json\/wp\/v2\/posts"}],"about":[{"href":"https:\/\/cetr.net\/es\/wp-json\/wp\/v2\/types\/post"}],"author":[{"embeddable":true,"href":"https:\/\/cetr.net\/es\/wp-json\/wp\/v2\/users\/1"}],"replies":[{"embeddable":true,"href":"https:\/\/cetr.net\/es\/wp-json\/wp\/v2\/comments?post=58966"}],"version-history":[{"count":1,"href":"https:\/\/cetr.net\/es\/wp-json\/wp\/v2\/posts\/58966\/revisions"}],"predecessor-version":[{"id":58967,"href":"https:\/\/cetr.net\/es\/wp-json\/wp\/v2\/posts\/58966\/revisions\/58967"}],"wp:attachment":[{"href":"https:\/\/cetr.net\/es\/wp-json\/wp\/v2\/media?parent=58966"}],"wp:term":[{"taxonomy":"category","embeddable":true,"href":"https:\/\/cetr.net\/es\/wp-json\/wp\/v2\/categories?post=58966"},{"taxonomy":"post_tag","embeddable":true,"href":"https:\/\/cetr.net\/es\/wp-json\/wp\/v2\/tags?post=58966"},{"taxonomy":"post_series","embeddable":true,"href":"https:\/\/cetr.net\/es\/wp-json\/wp\/v2\/post_series?post=58966"}],"curies":[{"name":"wp","href":"https:\/\/api.w.org\/{rel}","templated":true}]}}