{"id":60910,"date":"2011-01-28T20:08:37","date_gmt":"2011-01-28T19:08:37","guid":{"rendered":"http:\/\/cetr.net\/?p=60910&#038;lang=es"},"modified":"2016-09-27T20:11:24","modified_gmt":"2016-09-27T18:11:24","slug":"especial-joan-maragall-1860-1911","status":"publish","type":"post","link":"https:\/\/cetr.net\/es\/especial-joan-maragall-1860-1911\/","title":{"rendered":"Especial Joan Maragall (1860-1911)"},"content":{"rendered":"<p>Con motivo del centenario de su muerte (y los 150 a\u00f1os del nacimiento) la figura de Joan Maragall, poeta y ensayista, est\u00e1 m\u00e1s presente estos \u00faltimos meses en\u00a0 publicaciones, actos culturales&#8230; Queremos aprovechar la ocasi\u00f3n para recordar un itinerario intelectual que sigue siendo una aportaci\u00f3n muy viva desde la perspectiva de la b\u00fasqueda de calidad humana y espiritualidad en el siglo XXI. Un itinerario que le llev\u00f3 a trascender creencias e instituciones, a situarse de lleno en la vida -muy cerca de aquel \u00ablatir del Universo\u00bb-, que le empuj\u00f3 a solidarizarse con el sufrimiento ajeno, a ser beligerante con las estructuras injustas y amante agradecido del existir en cualquiera de sus manifestaciones.<\/p>\n<p>Pregunt\u00e1ndose porque escribe lo que escribe, Maragall viene a concluir que no puede reservarse para s\u00ed mismo esos vislumbres de Absoluto, de honda certeza, de libertad plena, de universalidad y que, comparti\u00e9ndolo, puede ayudar a otros a reconocer lo que viven, esa posibilidad de eternidad aqu\u00ed y ahora. Comunicar y mostrar para contagiar todo aquello recibido y hacer de su oficio un acto de agradecimiento.<\/p>\n<p style=\"text-align: center;\"><a href=\"http:\/\/cetr.net\/files\/Especial Maragall es.pdf\"><span style=\"color: #800000;\"><strong>Hemos preparado una peque\u00f1a selecci\u00f3n de textos que os pod\u00e9is descargar en este enlace. <\/strong><\/span><\/a><\/p>\n<p>Incluye: en primer lugar, un peque\u00f1o esbozo de su biograf\u00eda intelectual, realizada a partir de algunos fragmentos del libro de Ignasi Moreta, <em>No et facis posar cendra<\/em> (Fragmenta, 2010):<\/p>\n<p><strong>&#8211; La eternidad aqu\u00ed y ahora: pensamiento y religi\u00f3n en Joan Maragall (Ignasi Moreta)<\/strong><\/p>\n<p>Una selecci\u00f3n de art\u00edculos representativos presentados aqu\u00ed en orden cronol\u00f3gico:<\/p>\n<p><strong>Como los enamorados<br \/>\nLa iglesia quemada<br \/>\nCarta a una se\u00f1ora<br \/>\nLos vivos y los muertos<br \/>\nLa panacea<\/strong><\/p>\n<p>Y dos <strong>poemas<\/strong>: <em>La vaca ciega<\/em> y <em>Canto espiritual<\/em><br \/>\nY a modo de introducci\u00f3n, este aviso:<\/p>\n<p>\u00ab\u00a1Cu\u00e1ntas maneras hay de entender la vida, de sentirla! Nosotros, gentes de hoy, debemos abarcar todas las que podamos, probarlas todas, que, bien catadas, no habr\u00e1 ni una donde no pueda encontrarse algun sabor, algo de aquel aroma inmortal que es el gran secreto de las cosas. &#8230; Hoy nuestro esp\u00edritu, abierto a los cuatro vientos, es indulgente con una indulgencia robusta y de buen ser, una indulgencia m\u00e1s grande y m\u00e1s fuerte que todos los dogmas y todos los axiomas y todos los exclusivismos; porque tiene suficiente serenidad y alteza como para decir a cada uno, incluso a los m\u00e1s opuestos, con una sonrisa casi divina: \u00abT\u00fa debes tener raz\u00f3n, y t\u00fa tambi\u00e9n, y t\u00fa tambi\u00e9n, porque todos la pod\u00e9is tener\u00bb.<\/p>\n<p>Ya ha pasado el tiempo de las santas indignaciones y de escandalizarse y de luchar y morir por una idea. En otra \u00e9poca, pod\u00eda verse en ello alguna grandeza, pero creo que la grandeza de hoy, la nuestra, no consiste en morir por una idea sino en vivir para todas. Vivir, vivir todo lo que se pueda en extensi\u00f3n y en intensidad. \u00bb<\/p>\n<p>(Joan Maragall. \u00abNietszche\u00bb, <em>L&#8217;Aven<\/em><em>\u00e7<\/em>, 2a \u00e9poca, (1893), p. 195-197)<\/p>\n<p>&nbsp;<\/p>\n","protected":false},"excerpt":{"rendered":"<p>Con motivo del centenario de su muerte (y los 150 a\u00f1os del nacimiento) la figura de Joan Maragall, poeta y ensayista, est\u00e1 m\u00e1s presente estos \u00faltimos meses en  publicaciones, actos culturales&#8230; Queremos aprovechar la ocasi\u00f3n para recordar un itinerario intelectual que sigue siendo una aportaci\u00f3n muy viva desde la perspectiva de la b\u00fasqueda de calidad humana y espiritualidad en el siglo XXI. <\/p>\n","protected":false},"author":1,"featured_media":0,"comment_status":"open","ping_status":"closed","sticky":false,"template":"","format":"standard","meta":{"_acf_changed":false,"footnotes":""},"categories":[436,156,145,157],"tags":[],"post_series":[],"class_list":["post-60910","post","type-post","status-publish","format-standard","hentry","category-art-i-poesia-es","category-arte-y-poesia","category-articulos","category-entrevistas-y-retratos","entry","no-media"],"acf":[],"_links":{"self":[{"href":"https:\/\/cetr.net\/es\/wp-json\/wp\/v2\/posts\/60910","targetHints":{"allow":["GET"]}}],"collection":[{"href":"https:\/\/cetr.net\/es\/wp-json\/wp\/v2\/posts"}],"about":[{"href":"https:\/\/cetr.net\/es\/wp-json\/wp\/v2\/types\/post"}],"author":[{"embeddable":true,"href":"https:\/\/cetr.net\/es\/wp-json\/wp\/v2\/users\/1"}],"replies":[{"embeddable":true,"href":"https:\/\/cetr.net\/es\/wp-json\/wp\/v2\/comments?post=60910"}],"version-history":[{"count":2,"href":"https:\/\/cetr.net\/es\/wp-json\/wp\/v2\/posts\/60910\/revisions"}],"predecessor-version":[{"id":60913,"href":"https:\/\/cetr.net\/es\/wp-json\/wp\/v2\/posts\/60910\/revisions\/60913"}],"wp:attachment":[{"href":"https:\/\/cetr.net\/es\/wp-json\/wp\/v2\/media?parent=60910"}],"wp:term":[{"taxonomy":"category","embeddable":true,"href":"https:\/\/cetr.net\/es\/wp-json\/wp\/v2\/categories?post=60910"},{"taxonomy":"post_tag","embeddable":true,"href":"https:\/\/cetr.net\/es\/wp-json\/wp\/v2\/tags?post=60910"},{"taxonomy":"post_series","embeddable":true,"href":"https:\/\/cetr.net\/es\/wp-json\/wp\/v2\/post_series?post=60910"}],"curies":[{"name":"wp","href":"https:\/\/api.w.org\/{rel}","templated":true}]}}