{"id":61738,"date":"2016-11-15T17:33:43","date_gmt":"2016-11-15T16:33:43","guid":{"rendered":"http:\/\/cetr.net\/la-dimension-absoluta-de-la-realidad-desde-la-sociedad-de-conocimiento-sc\/?lang=es"},"modified":"2016-11-15T17:35:43","modified_gmt":"2016-11-15T16:35:43","slug":"la-dimension-absoluta-de-la-realidad-desde-la-sociedad-de-conocimiento-sc","status":"publish","type":"post","link":"https:\/\/cetr.net\/es\/la-dimension-absoluta-de-la-realidad-desde-la-sociedad-de-conocimiento-sc\/","title":{"rendered":"La dimensi\u00f3n absoluta de la realidad desde la sociedad de conocimiento (SC)"},"content":{"rendered":"<p>En este trabajo me propongo abordar lo que en terminolog\u00eda corbiana se denomina la <em>dimensi\u00f3n absoluta de la realidad, DA<\/em>, con el objetivo de desentra\u00f1arla sin tener que recurrir a creencias. Si el objetivo se consiguiera, se allanar\u00eda el reconocimiento colectivo de DA para las sociedades de conocimiento SC, y desde ah\u00ed el cultivo del acceso a ella con los beneficios que tiene para individuos, colectivos y el planeta.<\/p>\n<p>Pretendo alcanzar este objetivo utilizando \u00fanicamente aparato conceptual porque en la SC se interpreta la realidad no simb\u00f3licamente sino con conceptualizaciones, por ello voy a tener que alejarme estrat\u00e9gicamente del lenguaje simb\u00f3lico.<\/p>\n<p>Para no tener que recurrir a creencias, pretendo un acercamiento a la DA desde nuestra condici\u00f3n de animalidad. Parto de la hip\u00f3tesis que esa capacidad de captaci\u00f3n de DA es una peculiaridad propia de los humanos generada por el habla. Estudiar\u00e9 la DA desde la posibilidad del habla como una aproximaci\u00f3n cualitativa a lo que existe de un animal hablante, los humanos.<\/p>\n<p>Este trabajo tiene su origen en la preocupaci\u00f3n de que la implosi\u00f3n de la religi\u00f3n que se produce en la SC por el cambio de forma de sobrevivencia, no se lleve con ella la sabidur\u00eda milenaria recogida en las tradiciones religiosas y de sabidur\u00eda (TR) sobre la cualidad propiamente humana de acceso a la DA y su cultivo.<\/p>\n<p>&nbsp;<\/p>\n<p>Para descargar el art\u00edculo completo haz click aqu\u00ed:\u00a0<a href=\"http:\/\/cetr.net\/files\/Marta_2015%20sobre%20la%20DA.pdf\">La dimensi\u00f3n absoluta de la realidad desde la sociedad de conocimiento (SC)<\/a><\/p>\n","protected":false},"excerpt":{"rendered":"<p>En este trabajo me propongo abordar lo que en terminolog\u00eda corbiana se denomina la dimensi\u00f3n absoluta de la realidad, DA, con el objetivo de desentra\u00f1arla sin tener que recurrir a creencias. Si el objetivo se consiguiera, se allanar\u00eda el reconocimiento colectivo de DA para las sociedades de conocimiento SC, y desde ah\u00ed el cultivo del acceso a ella con los beneficios que tiene para individuos, colectivos y el planeta.<\/p>\n<p>Pretendo alcanzar este objetivo utilizando \u00fanicamente aparato conceptual porque en la SC se interpreta la realidad no simb\u00f3licamente sino con conceptualizaciones, por ello voy a tener que alejarme estrat\u00e9gicamente del lenguaje simb\u00f3lico. <\/p>\n","protected":false},"author":1,"featured_media":0,"comment_status":"closed","ping_status":"closed","sticky":false,"template":"","format":"standard","meta":{"_acf_changed":false,"footnotes":""},"categories":[494,475,470,486],"tags":[],"post_series":[],"class_list":["post-61738","post","type-post","status-publish","format-standard","hentry","category-doble-dimensio-de-la-realitat-es","category-doble-dimension-de-lo-real","category-epistemologia-de-los-valores","category-epistemologia-dels-valors-es","entry","no-media"],"acf":[],"_links":{"self":[{"href":"https:\/\/cetr.net\/es\/wp-json\/wp\/v2\/posts\/61738","targetHints":{"allow":["GET"]}}],"collection":[{"href":"https:\/\/cetr.net\/es\/wp-json\/wp\/v2\/posts"}],"about":[{"href":"https:\/\/cetr.net\/es\/wp-json\/wp\/v2\/types\/post"}],"author":[{"embeddable":true,"href":"https:\/\/cetr.net\/es\/wp-json\/wp\/v2\/users\/1"}],"replies":[{"embeddable":true,"href":"https:\/\/cetr.net\/es\/wp-json\/wp\/v2\/comments?post=61738"}],"version-history":[{"count":1,"href":"https:\/\/cetr.net\/es\/wp-json\/wp\/v2\/posts\/61738\/revisions"}],"predecessor-version":[{"id":61739,"href":"https:\/\/cetr.net\/es\/wp-json\/wp\/v2\/posts\/61738\/revisions\/61739"}],"wp:attachment":[{"href":"https:\/\/cetr.net\/es\/wp-json\/wp\/v2\/media?parent=61738"}],"wp:term":[{"taxonomy":"category","embeddable":true,"href":"https:\/\/cetr.net\/es\/wp-json\/wp\/v2\/categories?post=61738"},{"taxonomy":"post_tag","embeddable":true,"href":"https:\/\/cetr.net\/es\/wp-json\/wp\/v2\/tags?post=61738"},{"taxonomy":"post_series","embeddable":true,"href":"https:\/\/cetr.net\/es\/wp-json\/wp\/v2\/post_series?post=61738"}],"curies":[{"name":"wp","href":"https:\/\/api.w.org\/{rel}","templated":true}]}}