{"id":61908,"date":"2017-01-11T17:58:02","date_gmt":"2017-01-11T16:58:02","guid":{"rendered":"http:\/\/cetr.net\/?p=61908&#038;lang=es"},"modified":"2017-03-01T17:35:01","modified_gmt":"2017-03-01T16:35:01","slug":"el-don-de-la-ignorancia","status":"publish","type":"post","link":"https:\/\/cetr.net\/es\/el-don-de-la-ignorancia\/","title":{"rendered":"El don de la ignorancia"},"content":{"rendered":"<p><em>Una selecci\u00f3n de poemas del libro de Jos\u00e9 Corredor-Matheos: \u00abEl don de la ignorancia\u00bb (Tusquets, 2004). Poemas que invitan a ser testigos de la vida, de lo que nos rodea y de lo que somos, desde un silencio abierto al asombro. Poemas de interrogaci\u00f3n y de agradecimiento.<\/em><\/p>\n<p>&nbsp;<\/p>\n<p><em>\u00a0\u00a0\u00a0\u00a0\u00a0\u00a0\u00a0\u00a0\u00a0\u00a0\u00a0\u00a0\u00a0\u00a0\u00a0 <span style=\"font-size: 12px;\">Qu\u00e9 extra\u00f1o es estar muerto<\/span><br \/>\n<\/em><span style=\"font-size: 12px;\">\u00a0\u00a0\u00a0\u00a0\u00a0\u00a0\u00a0\u00a0\u00a0\u00a0\u00a0\u00a0\u00a0\u00a0\u00a0\u00a0\u00a0\u00a0\u00a0\u00a0 (Rainer Maria Rilke)<\/span><\/p>\n<p>Qu\u00e9 extra\u00f1o es estar vivo,<\/p>\n<p>sentirse rodeado<\/p>\n<p>de otros seres<\/p>\n<p>igualmente extra\u00f1os<\/p>\n<p>y de cosas inertes<\/p>\n<p>que te atan<\/p>\n<p>con su solo silencio.<\/p>\n<p>Qu\u00e9 extra\u00f1o es o\u00edr<\/p>\n<p>las voces m\u00e1s calladas,<\/p>\n<p>que se haga visible<\/p>\n<p>lo invisible,<\/p>\n<p>tocar lo que se escapa<\/p>\n<p>para siempre.<\/p>\n<p>te sorprende que esto<\/p>\n<p>que te envuelve<\/p>\n<p>sea en verdad real,<\/p>\n<p>que t\u00fa mismo lo seas.<\/p>\n<p>Tu vida la sostiene,<\/p>\n<p>acaso, esta extra\u00f1eza.<\/p>\n<p>&nbsp;<\/p>\n<p>*<\/p>\n<p>&nbsp;<\/p>\n<p>Hay que llegar al borde<\/p>\n<p>y apurar esta vida<\/p>\n<p>que duda de s\u00ed misma<\/p>\n<p>y que vacila,<\/p>\n<p>y acaso se detiene.<\/p>\n<p>Y volver, si es posible,<\/p>\n<p>por haber descubierto<\/p>\n<p>que nada, nada pasa,<\/p>\n<p>porque no hay en ti<\/p>\n<p>m\u00e1s que ocres,<\/p>\n<p>estos grises,<\/p>\n<p>los oscuros azules<\/p>\n<p>del oto\u00f1o.<\/p>\n<p>&nbsp;<\/p>\n<p>*<\/p>\n<p>&nbsp;<\/p>\n<p>Sosegar el esp\u00edritu<\/p>\n<p>entre el pavor y el gozo<\/p>\n<p>de vivir.<\/p>\n<p>Y que el mismo sosiego<\/p>\n<p>sea el signo gozoso<\/p>\n<p>de que el pavor empieza.<\/p>\n<p>&nbsp;<\/p>\n<p>&nbsp;<\/p>\n<p><span style=\"font-size: 12px;\"><em>\u00a0 \u00a0 \u00a0 \u00a0 \u00a0 \u00a0\u00a0 \u2026estando ya mi casa sosegada<br \/>\n<\/em>\u00a0\u00a0\u00a0\u00a0\u00a0\u00a0\u00a0\u00a0\u00a0\u00a0\u00a0\u00a0 (S. Juan de la Cruz)<\/span><\/p>\n<p>\u201cNada de lo que has sido<\/p>\n<p>permanece.<\/p>\n<p>No tienes ni pasado ni futuro,<\/p>\n<p>y hasta el mismo morir<\/p>\n<p>no es muy seguro.<\/p>\n<p>Nada ni nadie a ti<\/p>\n<p>te pertenece.<\/p>\n<p>Pero respira el campo<\/p>\n<p>si anochece.<\/p>\n<p>Vuelve a ser todo transparente<\/p>\n<p>y puro.<\/p>\n<p>Avanzas confiado<\/p>\n<p>hacia lo oscuro.<\/p>\n<p>El mundo nace un tu interior<\/p>\n<p>y crece.<\/p>\n<p>Qu\u00e9 sencillo morir.<\/p>\n<p>Y qu\u00e9 sencillo<\/p>\n<p>poder vivir al fin<\/p>\n<p>como si todo<\/p>\n<p>fuera un ir devan\u00e1ndose<\/p>\n<p>el ovillo.<\/p>\n<p>Y nunca hubiera sido<\/p>\n<p>de otro modo.<\/p>\n<p>Todo vuelve a ser tuyo,<\/p>\n<p>siendo nada,<\/p>\n<p>estando ya la noche<\/p>\n<p>iluminada.<\/p>\n<p>&nbsp;<\/p>\n<p>*<\/p>\n<p>&nbsp;<\/p>\n<p><span style=\"font-size: 12px;\"><em>\u00a0La nada es el fruto de mi<br \/>\nconstante meditaci\u00f3n.<br \/>\n<\/em>(Omar Jayyam)<\/span><\/p>\n<p>\u00bfC\u00f3mo podr\u00e9 pagarte<\/p>\n<p>que me hayas hecho ver<\/p>\n<p>la irrealidad de todo,<\/p>\n<p>la vanidad de todo?<\/p>\n<p>\u00bfCu\u00e1nto dar\u00eda yo<\/p>\n<p>por o\u00edr en tu voz<\/p>\n<p>que la nada es el fruto<\/p>\n<p>de tu meditaci\u00f3n,<\/p>\n<p>que despu\u00e9s de la muerte<\/p>\n<p>hay la nada<\/p>\n<p>o la misericordia?<\/p>\n<p>Tus palabras me llegan<\/p>\n<p>con sabor a tu voz<\/p>\n<p>y me parece verte<\/p>\n<p>con un vaso en la mano,<\/p>\n<p>que levantas<\/p>\n<p>hacia ese firmamento<\/p>\n<p>resultado tan s\u00f3lo<\/p>\n<p>de la imaginaci\u00f3n.<\/p>\n<p>Si es que eres t\u00fa, Omar,<\/p>\n<p>arr\u00e1ncame una a una<\/p>\n<p>las certezas.<\/p>\n<p>Que quede tan desnudo<\/p>\n<p>como las claras dunas<\/p>\n<p>del desierto.<\/p>\n<p>Omar Jayyam, brindemos,<\/p>\n<p>porque aunque todo sea<\/p>\n<p>viento, espejismo, sue\u00f1o,<\/p>\n<p>quiero seguir oyendo<\/p>\n<p>tus palabras,<\/p>\n<p>contemplar tu figura<\/p>\n<p>de apagada ceniza<\/p>\n<p>y beber en silencio<\/p>\n<p>el vino de tu c\u00e1liz.<\/p>\n<p>*<\/p>\n<p>&nbsp;<\/p>\n<p>Me gusta caminar<\/p>\n<p>sin compa\u00f1\u00eda,<\/p>\n<p>descubrir en los \u00e1rboles<\/p>\n<p>la semilla del fuego,<\/p>\n<p>ver crecer los arbustos<\/p>\n<p>con su ritmo tranquilo<\/p>\n<p>y sentir c\u00f3mo a todo<\/p>\n<p>lo ilumina<\/p>\n<p>la misma \u00fanica muerte<\/p>\n<p>que me ilumina a m\u00ed.<\/p>\n<p>*<\/p>\n<p>&nbsp;<\/p>\n<p>Qu\u00e9 gran felicidad,<\/p>\n<p>respirar este aire<\/p>\n<p>fresco del mes de abril,<\/p>\n<p>al salir de mi casa,<\/p>\n<p>y que sea la lluvia<\/p>\n<p>la que abra mi mente,<\/p>\n<p>me devuelva mi nombre,<\/p>\n<p>me devuelva mi rostro,<\/p>\n<p>me devuelva mi voz.<\/p>\n<p>*<\/p>\n<p>&nbsp;<\/p>\n<p>Pocas cosas despiertan<\/p>\n<p>mi alegr\u00eda<\/p>\n<p>como el brincar gozoso<\/p>\n<p>de alg\u00fan perro<\/p>\n<p>que me ha salido al paso.<\/p>\n<p>Pocas cosas remueven<\/p>\n<p>algo profundo en m\u00ed<\/p>\n<p>como el mirar de un perro<\/p>\n<p>fatigado<\/p>\n<p>de haber vivido tanto.<\/p>\n<p>Todo el amor del mundo<\/p>\n<p>que t\u00fa ans\u00edas<\/p>\n<p>y la desolaci\u00f3n que sientes<\/p>\n<p>asoman a los ojos<\/p>\n<p>de un perro que te mira,<\/p>\n<p>interrog\u00e1ndote.<\/p>\n<p>*<\/p>\n<p>&nbsp;<\/p>\n<p>Por la ventana abierta<\/p>\n<p>\u00bfqu\u00e9 pasa con la tarde?<\/p>\n<p>La manzana que tienes<\/p>\n<p>en la mano<\/p>\n<p>te sorprende de pronto.<\/p>\n<p>Contemplas la manzana<\/p>\n<p>y vas viendo<\/p>\n<p>lo que no es visible<\/p>\n<p>ni invisible.<\/p>\n<p>La manzana eres t\u00fa,<\/p>\n<p>y la tarde eres t\u00fa.<\/p>\n<p>Pero t\u00fa, t\u00fa \u00bfqui\u00e9n eres?<\/p>\n<p>*<\/p>\n<p>&nbsp;<\/p>\n<p>Por las moscas,<\/p>\n<p>que tanto me incomodan,<\/p>\n<p>s\u00e9 que existo.<\/p>\n<p>Seguid siendo testigos,<\/p>\n<p>dad fe de mi existencia.<\/p>\n<p>No acierto a imaginar<\/p>\n<p>lo que ser\u00eda<\/p>\n<p>un mundo sin vosotras.<\/p>\n<p>Os ahuyento y respeto<\/p>\n<p>vuestra vida,<\/p>\n<p>sagrada como todas.<\/p>\n<p>Hay en vosotras algo<\/p>\n<p>que me dice<\/p>\n<p>que debo aprovechar<\/p>\n<p>vuestra presencia<\/p>\n<p>y descubrir mi vuelo<\/p>\n<p>en vuestro vuelo.<\/p>\n<p>*<\/p>\n<p>&nbsp;<\/p>\n<p>Y, desde el tren, el mar.<\/p>\n<p>Qu\u00e9 gozo poder verlo,<\/p>\n<p>siempre el mismo.<\/p>\n<p>No merezco tener<\/p>\n<p>ante los ojos<\/p>\n<p>tanta pura belleza.<\/p>\n<p>*<\/p>\n<p>&nbsp;<\/p>\n<p>Este campo tan ancho<\/p>\n<p>viste la desnudez<\/p>\n<p>que t\u00fa anhelabas.<\/p>\n<p>Mir\u00e1ndolo descubres<\/p>\n<p>lo que eres<\/p>\n<p>cuando logras librarte<\/p>\n<p>de todas las monta\u00f1as,<\/p>\n<p>los r\u00edos y los \u00e1rboles<\/p>\n<p>que impiden ver en ti<\/p>\n<p>m\u00e1s all\u00e1 del paisaje,<\/p>\n<p>de todos los paisajes.<\/p>\n<p>&nbsp;<\/p>\n<p><span style=\"color: #800000;\">selecci\u00f3 del llibre de poemes de Jos\u00e9 Corredor-Matheos. <em>El don de la ignorancia <\/em>(Tusquets, 2004)<\/span><\/p>\n<p>&nbsp;<\/p>\n","protected":false},"excerpt":{"rendered":"<p>Una selecci\u00f3n de poemas del libro de Jos\u00e9 Corredor-Matheos: \u00abEl don de la ignorancia\u00bb (Tusquets, 2004). Poemas que invitan a ser testigos de la vida, de lo que nos rodea y de lo que somos, desde un silencio abierto al asombro. Poemas de interrogaci\u00f3n y de agradecimiento.<\/p>\n","protected":false},"author":1,"featured_media":61900,"comment_status":"closed","ping_status":"closed","sticky":false,"template":"","format":"standard","meta":{"_acf_changed":false,"footnotes":""},"categories":[436,156,456,145],"tags":[],"post_series":[],"class_list":["post-61908","post","type-post","status-publish","format-standard","has-post-thumbnail","hentry","category-art-i-poesia-es","category-arte-y-poesia","category-articles-es","category-articulos","entry","has-media"],"acf":[],"_links":{"self":[{"href":"https:\/\/cetr.net\/es\/wp-json\/wp\/v2\/posts\/61908","targetHints":{"allow":["GET"]}}],"collection":[{"href":"https:\/\/cetr.net\/es\/wp-json\/wp\/v2\/posts"}],"about":[{"href":"https:\/\/cetr.net\/es\/wp-json\/wp\/v2\/types\/post"}],"author":[{"embeddable":true,"href":"https:\/\/cetr.net\/es\/wp-json\/wp\/v2\/users\/1"}],"replies":[{"embeddable":true,"href":"https:\/\/cetr.net\/es\/wp-json\/wp\/v2\/comments?post=61908"}],"version-history":[{"count":3,"href":"https:\/\/cetr.net\/es\/wp-json\/wp\/v2\/posts\/61908\/revisions"}],"predecessor-version":[{"id":62071,"href":"https:\/\/cetr.net\/es\/wp-json\/wp\/v2\/posts\/61908\/revisions\/62071"}],"wp:featuredmedia":[{"embeddable":true,"href":"https:\/\/cetr.net\/es\/wp-json\/wp\/v2\/media\/61900"}],"wp:attachment":[{"href":"https:\/\/cetr.net\/es\/wp-json\/wp\/v2\/media?parent=61908"}],"wp:term":[{"taxonomy":"category","embeddable":true,"href":"https:\/\/cetr.net\/es\/wp-json\/wp\/v2\/categories?post=61908"},{"taxonomy":"post_tag","embeddable":true,"href":"https:\/\/cetr.net\/es\/wp-json\/wp\/v2\/tags?post=61908"},{"taxonomy":"post_series","embeddable":true,"href":"https:\/\/cetr.net\/es\/wp-json\/wp\/v2\/post_series?post=61908"}],"curies":[{"name":"wp","href":"https:\/\/api.w.org\/{rel}","templated":true}]}}