{"id":61971,"date":"2017-01-28T18:01:35","date_gmt":"2017-01-28T17:01:35","guid":{"rendered":"http:\/\/cetr.net\/presentacio-del-llibre-ensenanzas-del-silencio\/?lang=es"},"modified":"2017-03-01T11:17:17","modified_gmt":"2017-03-01T10:17:17","slug":"presentacio-del-llibre-ensenanzas-del-silencio","status":"publish","type":"post","link":"https:\/\/cetr.net\/es\/presentacio-del-llibre-ensenanzas-del-silencio\/","title":{"rendered":"Presentaci\u00f3n del libro \u00abEnse\u00f1anzas del Silencio de Moratiel\u00bb"},"content":{"rendered":"<p>Presentaci\u00f3n del libro <span style=\"color: #800000;\"><strong>Ense\u00f1anzas del Silencio de Moratiel<\/strong><\/span>.\u00a0Con la participaci\u00f3n de Alicia \u00a0Mart\u00ednez (autora del libro),\u00a0Teresa Guardans (profesora) y Javier Melloni (antrop\u00f3logo y te\u00f3logo).<\/p>\n<p style=\"text-align: center;\">El <span style=\"color: #800000; font-size: 18px;\"><strong>lunes 6 de Marzo a las 19:30h<\/strong> en CETR<\/span>.<br \/>\nRocafort, 234 bajos (interior Jardin Montserrat)<\/p>\n<p>M\u00e1s informaci\u00f3n sobre el libro en:<br \/>\n<a href=\"https:\/\/www.edesclee.com\/colecciones\/a-los-cuatro-vientos\/ensenanzas-del-silencio-de-moratiel\">\u00a0https:\/\/www.edesclee.com\/colecciones\/a-los-cuatro-vientos\/ensenanzas-del-silencio-de-moratiel<\/a><\/p>\n<p><img decoding=\"async\" src=\"http:\/\/cetr.net\/files\/Cartel%20ense%C3%B1anzas%20del%20silencio%20Barcelona.jpg\" \/><\/p>\n","protected":false},"excerpt":{"rendered":"<p>Presentaci\u00f3n del libro Ense\u00f1anzas del Silencio de Moratiel.\u00a0Con la participaci\u00f3n de Alicia \u00a0Mart\u00ednez (autora del libro),\u00a0Teresa Guardans (profesora) y Javier Melloni (antrop\u00f3logo y te\u00f3logo). El lunes 6 de Marzo a las 19:30h en CETR. Rocafort, 234 bajos (interior Jardin Montserrat) M\u00e1s informaci\u00f3n sobre el libro en: \u00a0https:\/\/www.edesclee.com\/colecciones\/a-los-cuatro-vientos\/ensenanzas-del-silencio-de-moratiel<\/p>\n","protected":false},"author":1,"featured_media":61969,"comment_status":"closed","ping_status":"closed","sticky":false,"template":"","format":"standard","meta":{"_acf_changed":false,"footnotes":""},"categories":[456,145,157,496],"tags":[],"post_series":[],"class_list":["post-61971","post","type-post","status-publish","format-standard","has-post-thumbnail","hentry","category-articles-es","category-articulos","category-entrevistas-y-retratos","category-entrevistes-i-retrats-es","entry","has-media"],"acf":[],"_links":{"self":[{"href":"https:\/\/cetr.net\/es\/wp-json\/wp\/v2\/posts\/61971","targetHints":{"allow":["GET"]}}],"collection":[{"href":"https:\/\/cetr.net\/es\/wp-json\/wp\/v2\/posts"}],"about":[{"href":"https:\/\/cetr.net\/es\/wp-json\/wp\/v2\/types\/post"}],"author":[{"embeddable":true,"href":"https:\/\/cetr.net\/es\/wp-json\/wp\/v2\/users\/1"}],"replies":[{"embeddable":true,"href":"https:\/\/cetr.net\/es\/wp-json\/wp\/v2\/comments?post=61971"}],"version-history":[{"count":8,"href":"https:\/\/cetr.net\/es\/wp-json\/wp\/v2\/posts\/61971\/revisions"}],"predecessor-version":[{"id":61975,"href":"https:\/\/cetr.net\/es\/wp-json\/wp\/v2\/posts\/61971\/revisions\/61975"}],"wp:featuredmedia":[{"embeddable":true,"href":"https:\/\/cetr.net\/es\/wp-json\/wp\/v2\/media\/61969"}],"wp:attachment":[{"href":"https:\/\/cetr.net\/es\/wp-json\/wp\/v2\/media?parent=61971"}],"wp:term":[{"taxonomy":"category","embeddable":true,"href":"https:\/\/cetr.net\/es\/wp-json\/wp\/v2\/categories?post=61971"},{"taxonomy":"post_tag","embeddable":true,"href":"https:\/\/cetr.net\/es\/wp-json\/wp\/v2\/tags?post=61971"},{"taxonomy":"post_series","embeddable":true,"href":"https:\/\/cetr.net\/es\/wp-json\/wp\/v2\/post_series?post=61971"}],"curies":[{"name":"wp","href":"https:\/\/api.w.org\/{rel}","templated":true}]}}