{"id":62513,"date":"2019-07-02T18:13:58","date_gmt":"2019-07-02T16:13:58","guid":{"rendered":"http:\/\/cetr.net\/16-caminant-en-silenci\/?lang=es"},"modified":"2020-09-28T17:23:03","modified_gmt":"2020-09-28T15:23:03","slug":"20-paseando-salimos-a-caminar-por-bonitos-rincones-de-cataluna","status":"publish","type":"post","link":"https:\/\/cetr.net\/es\/20-paseando-salimos-a-caminar-por-bonitos-rincones-de-cataluna\/","title":{"rendered":"23. PASEANDO &#8230; Salimos a caminar por bonitos rincones de Catalu\u00f1a"},"content":{"rendered":"<p>a cargo de Montse Cucarull y Montserrat Macau<\/p>\n<p>Propondremos tres salidas al a\u00f1o, s\u00e1bado por la ma\u00f1ana. Se tratar\u00e1 siempre de recorridos que no presenten dificultad alguna. Aprenderemos a percibir el \u00abrostro sutil\u00bb de nuestro paisaje, abri\u00e9ndonos a la realidad que nos rodea, afinando el o\u00eddo, la vista, el olfato &#8230;<\/p>\n<p><strong>Primera salida<\/strong>: S\u00e1bado 9 de noviembre, a las 10.30h<br \/>\n<strong>Punto de encuentro:<\/strong> Collformic para ir al Pla de la Calma. Consulte la disponibilidad de plazas en los coches.<\/p>\n<p>&nbsp;<\/p>\n","protected":false},"excerpt":{"rendered":"<p>Primera salida: S\u00e1bado 9 de noviembre, a las 10.30h<\/p>\n","protected":false},"author":1,"featured_media":62564,"comment_status":"closed","ping_status":"closed","sticky":false,"template":"","format":"standard","meta":{"_acf_changed":false,"footnotes":""},"categories":[1],"tags":[],"post_series":[],"class_list":["post-62513","post","type-post","status-publish","format-standard","has-post-thumbnail","hentry","category-sin-categoria","entry","has-media"],"acf":[],"_links":{"self":[{"href":"https:\/\/cetr.net\/es\/wp-json\/wp\/v2\/posts\/62513","targetHints":{"allow":["GET"]}}],"collection":[{"href":"https:\/\/cetr.net\/es\/wp-json\/wp\/v2\/posts"}],"about":[{"href":"https:\/\/cetr.net\/es\/wp-json\/wp\/v2\/types\/post"}],"author":[{"embeddable":true,"href":"https:\/\/cetr.net\/es\/wp-json\/wp\/v2\/users\/1"}],"replies":[{"embeddable":true,"href":"https:\/\/cetr.net\/es\/wp-json\/wp\/v2\/comments?post=62513"}],"version-history":[{"count":15,"href":"https:\/\/cetr.net\/es\/wp-json\/wp\/v2\/posts\/62513\/revisions"}],"predecessor-version":[{"id":65307,"href":"https:\/\/cetr.net\/es\/wp-json\/wp\/v2\/posts\/62513\/revisions\/65307"}],"wp:featuredmedia":[{"embeddable":true,"href":"https:\/\/cetr.net\/es\/wp-json\/wp\/v2\/media\/62564"}],"wp:attachment":[{"href":"https:\/\/cetr.net\/es\/wp-json\/wp\/v2\/media?parent=62513"}],"wp:term":[{"taxonomy":"category","embeddable":true,"href":"https:\/\/cetr.net\/es\/wp-json\/wp\/v2\/categories?post=62513"},{"taxonomy":"post_tag","embeddable":true,"href":"https:\/\/cetr.net\/es\/wp-json\/wp\/v2\/tags?post=62513"},{"taxonomy":"post_series","embeddable":true,"href":"https:\/\/cetr.net\/es\/wp-json\/wp\/v2\/post_series?post=62513"}],"curies":[{"name":"wp","href":"https:\/\/api.w.org\/{rel}","templated":true}]}}