{"id":63177,"date":"2018-02-06T16:43:09","date_gmt":"2018-02-06T15:43:09","guid":{"rendered":"http:\/\/cetr.net\/?p=63177&#038;lang=es"},"modified":"2018-02-06T16:50:35","modified_gmt":"2018-02-06T15:50:35","slug":"depresion-post-davos","status":"publish","type":"post","link":"https:\/\/cetr.net\/es\/depresion-post-davos\/","title":{"rendered":"Depresi\u00f3n post-Davos"},"content":{"rendered":"<p>Premio Nobel de Econom\u00eda<br \/>\nProject Syndicate 1-Febrero-2018<\/p>\n<p>He asistido a la conferencia anual del Foro Econ\u00f3mico Mundial en Davos, Suiza -donde la llamada elite global se congrega para discutir los problemas del mundo- desde 1995. Nunca sal\u00ed tan desanimado como este a\u00f1o.<\/p>\n<p>El mundo est\u00e1 plagado de problemas pr\u00e1cticamente insolubles. La desigualdad est\u00e1 en aumento, especialmente en las econom\u00edas avanzadas. La revoluci\u00f3n digital, a pesar de su potencial, tambi\u00e9n conlleva serios riesgos para la privacidad, la seguridad, los empleos y la democracia -desaf\u00edos que est\u00e1n agravados por el creciente poder monop\u00f3lico de unos pocos gigantes de datos norteamericanos y chinos, entre ellos Facebook y Google-. El cambio clim\u00e1tico representa una amenaza existencial para toda la econom\u00eda global tal como la conocemos.<\/p>\n<p>Sin embargo, quiz\u00e1 m\u00e1s desalentadoras que esos problemas sean las respuestas. Sin duda, aqu\u00ed en Davos, los CEO de todo el mundo empiezan la mayor\u00eda de sus discursos afirmando la importancia de los valores. Sus actividades, sostienen, est\u00e1n destinadas no s\u00f3lo a maximizar las ganancias para los accionistas, sino tambi\u00e9n a crear un futuro mejor para sus empleados, las comunidades en las que trabajan y el mundo en general. Pueden inclusive hablar de la boca para afuera de los riesgos que plantean el cambio clim\u00e1tico y la desigualdad.<\/p>\n<p>Pero, al final de sus discursos este a\u00f1o, cualquier ilusi\u00f3n que pudiera quedar sobre los valores que motivan a los CEO de Davos se hizo a\u00f1icos. El riesgo que m\u00e1s parec\u00eda preocupar a estos CEO es la reacci\u00f3n populista contra el tipo de globalizaci\u00f3n que ellos han moldeado -y de la que se han beneficiado enormemente.<\/p>\n<p>No sorprende que estas elites econ\u00f3micas apenas entiendan hasta qu\u00e9 punto este sistema le ha fallado a grandes segmentos de la poblaci\u00f3n en Europa y Estados Unidos, haciendo que los ingresos reales de la mayor\u00eda de los hogares quedaran estancados o que el porcentaje de ingresos de la fuerza laboral disminuyera sustancialmente. En Estados Unidos, la expectativa de vida ha ca\u00eddo por segundo a\u00f1o consecutivo; entre aquellos que s\u00f3lo tienen un nivel de educaci\u00f3n secundaria, la ca\u00edda viene produci\u00e9ndose desde hace mucho m\u00e1s tiempo.<\/p>\n<p>Ni uno solo de los CEO de Estados Unidos cuyos discursos escuch\u00e9 (o me comentaron) mencion\u00f3 la intolerancia, la misoginia o el racismo del presidente estadounidense, Donald Trump, que estaba presente en el evento. Ni uno mencion\u00f3 la cadena incesante de comentarios ignorantes, mentiras descaradas y acciones impetuosas que han erosionado la posici\u00f3n del presidente norteamericano -y, por lo tanto, de Estados Unidos- en el mundo. Ninguno mencion\u00f3 el abandono de los sistemas para establecer la verdad, o de la verdad misma.<\/p>\n<p>Por cierto, ninguno de los titanes corporativos de Estados Unidos mencion\u00f3 las reducciones por parte de la administraci\u00f3n del financiamiento para la ciencia, tan importante para fortalecer la ventaja comparativa de la econom\u00eda de Estados Unidos y respaldar las mejoras en la calidad de vida de los norteamericanos. Ninguno mencion\u00f3, tampoco, el rechazo de parte de la administraci\u00f3n Trump de las instituciones internacionales, o los ataques a los medios y al poder judicial del pa\u00eds -lo que representa un ataque al sistema de control y equilibrio de poderes que apuntala la democracia estadounidense.<\/p>\n<p>No, los CEO en Davos se relam\u00edan con la legislaci\u00f3n impositiva que Trump y los republicanos en el Congreso impulsaron recientemente, que les reportar\u00e1 cientos de miles de millones de d\u00f3lares a las grandes empresas y a la gente rica a la que pertenecen y que las administra -gente como el propio Trump-. No les preocupa en lo m\u00e1s m\u00ednimo el hecho de que la misma legislaci\u00f3n, cuando haya sido implementada en su totalidad, se traduzca en un incremento de los impuestos para la mayor parte de la clase media -un grupo cuyas fortunas han venido cayendo los \u00faltimos 30 a\u00f1os.<\/p>\n<p>A\u00fan en su mundo estrechamente materialista, donde el crecimiento importa m\u00e1s que cualquier cosa, la legislaci\u00f3n impositiva de Trump no deber\u00eda ser motivo de celebraci\u00f3n. Despu\u00e9s de todo, reduce los impuestos a la especulaci\u00f3n inmobiliaria -una actividad que no ha generado una prosperidad sostenida en ninguna parte, pero que ha contribuido a una creciente desigualdad en todas partes.<\/p>\n<p>La legislaci\u00f3n tambi\u00e9n impone un impuesto a las universidades como Harvard y Princeton -fuentes de numerosas ideas e innovaciones importantes- y se traducir\u00e1 en un menor gasto p\u00fablico a nivel local en partes del pa\u00eds que han prosperado, precisamente porque han hecho inversiones p\u00fablicas en educaci\u00f3n e infraestructura. La administraci\u00f3n Trump claramente pretende ignorar el hecho evidente de que, en el siglo XXI, el \u00e9xito en verdad exige m\u00e1s inversi\u00f3n en educaci\u00f3n.<\/p>\n<p>Para los CEO de Davos, parece que los recortes impositivos para los ricos y sus empresas, junto con la desregulaci\u00f3n, son la respuesta a todos los problemas del pa\u00eds. La econom\u00eda del derrame, dicen, garantizar\u00e1 que, en definitiva, toda la poblaci\u00f3n se beneficie econ\u00f3micamente. Y los buenos corazones de los CEO aparentemente es todo lo que se necesita para garantizar que el medio ambiente est\u00e9 protegido, inclusive sin regulaciones relevantes.<\/p>\n<p>Sin embargo, las lecciones de la historia son claras. La econom\u00eda del derrame no funciona. Y una de las razones fundamentales por las cuales nuestro medio ambiente est\u00e1 en una situaci\u00f3n tan precaria es porque las propias empresas no han estado a la altura de sus responsabilidades sociales. Sin regulaciones efectivas y un precio real que pagar por contaminar, no existe ninguna raz\u00f3n de ning\u00fan tipo para creer que se comportar\u00e1n de otra manera que como lo han hecho en el pasado.<\/p>\n<p>Los CEO de Davos estaban euf\u00f3ricos por la vuelta al crecimiento, por sus crecientes ganancias y compensaciones. Los economistas les recordaron que este crecimiento no es sostenible, y que nunca ha sido inclusivo. Pero estos argumentos tienen poco impacto en un mundo donde reina el materialismo.<\/p>\n<p>De modo que olv\u00eddense de las perogrulladas sobre los valores que los CEO recitan en los p\u00e1rrafos de apertura de sus discursos. Pueden no tener la franqueza del personaje de Michael Douglas en la pel\u00edcula Wall Street de 1987, pero el mensaje no ha cambiado: \u00abLa codicia es buena\u00bb. Lo que me deprime es que, aunque el mensaje es evidentemente falso, tantos en el poder crean que es verdad.<\/p>\n<p>https:\/\/www.project-syndicate.org\/commentary\/davos-ceos-tax-cuts-trump-by-joseph-e&#8211;stiglitz-2018-02\/spanish<\/p>\n","protected":false},"excerpt":{"rendered":"<p>Premio Nobel de Econom\u00eda<br \/>\nProject Syndicate 1-Febrero-2018<\/p>\n<p>He asistido a la conferencia anual del Foro Econ\u00f3mico Mundial en Davos, Suiza -donde la llamada elite global se congrega para discutir los problemas del mundo- desde 1995. Nunca sal\u00ed tan desanimado como este a\u00f1o.<\/p>\n<p>El mundo est\u00e1 plagado de problemas pr\u00e1cticamente insolubles. La desigualdad est\u00e1 en aumento, especialmente en las econom\u00edas avanzadas. La revoluci\u00f3n digital, a pesar de su potencial, tambi\u00e9n conlleva serios riesgos para la privacidad, la seguridad, los empleos y la democracia -desaf\u00edos que est\u00e1n agravados por el creciente poder monop\u00f3lico de unos pocos gigantes de datos norteamericanos y chinos, entre ellos Facebook y Google-. El cambio clim\u00e1tico representa una amenaza existencial para toda la econom\u00eda global tal como la conocemos.<\/p>\n","protected":false},"author":1,"featured_media":63173,"comment_status":"closed","ping_status":"closed","sticky":false,"template":"","format":"standard","meta":{"_acf_changed":false,"footnotes":""},"categories":[145,161],"tags":[],"post_series":[],"class_list":["post-63177","post","type-post","status-publish","format-standard","has-post-thumbnail","hentry","category-articulos","category-sociedad-en-cambio","entry","has-media"],"acf":[],"_links":{"self":[{"href":"https:\/\/cetr.net\/es\/wp-json\/wp\/v2\/posts\/63177","targetHints":{"allow":["GET"]}}],"collection":[{"href":"https:\/\/cetr.net\/es\/wp-json\/wp\/v2\/posts"}],"about":[{"href":"https:\/\/cetr.net\/es\/wp-json\/wp\/v2\/types\/post"}],"author":[{"embeddable":true,"href":"https:\/\/cetr.net\/es\/wp-json\/wp\/v2\/users\/1"}],"replies":[{"embeddable":true,"href":"https:\/\/cetr.net\/es\/wp-json\/wp\/v2\/comments?post=63177"}],"version-history":[{"count":2,"href":"https:\/\/cetr.net\/es\/wp-json\/wp\/v2\/posts\/63177\/revisions"}],"predecessor-version":[{"id":63181,"href":"https:\/\/cetr.net\/es\/wp-json\/wp\/v2\/posts\/63177\/revisions\/63181"}],"wp:featuredmedia":[{"embeddable":true,"href":"https:\/\/cetr.net\/es\/wp-json\/wp\/v2\/media\/63173"}],"wp:attachment":[{"href":"https:\/\/cetr.net\/es\/wp-json\/wp\/v2\/media?parent=63177"}],"wp:term":[{"taxonomy":"category","embeddable":true,"href":"https:\/\/cetr.net\/es\/wp-json\/wp\/v2\/categories?post=63177"},{"taxonomy":"post_tag","embeddable":true,"href":"https:\/\/cetr.net\/es\/wp-json\/wp\/v2\/tags?post=63177"},{"taxonomy":"post_series","embeddable":true,"href":"https:\/\/cetr.net\/es\/wp-json\/wp\/v2\/post_series?post=63177"}],"curies":[{"name":"wp","href":"https:\/\/api.w.org\/{rel}","templated":true}]}}