{"id":65481,"date":"2019-11-22T18:02:04","date_gmt":"2019-11-22T17:02:04","guid":{"rendered":"https:\/\/cetr.net\/es\/conferencia-la-crisis-de-la-democracia-liberal-en-el-mundo\/"},"modified":"2019-11-22T18:08:24","modified_gmt":"2019-11-22T17:08:24","slug":"conferencia-la-crisis-de-la-democracia-liberal-en-el-mundo","status":"publish","type":"post","link":"https:\/\/cetr.net\/es\/conferencia-la-crisis-de-la-democracia-liberal-en-el-mundo\/","title":{"rendered":"CONFERENCIA \u201cLA CRISIS DE LA DEMOCRACIA LIBERAL EN EL MUNDO\u201d"},"content":{"rendered":"<h1>CONFERENCIA \u201cLA CRISIS DE LA DEMOCRACIA LIBERAL EN EL MUNDO\u201d<\/h1>\n<p>Manuel Castells, profesor em\u00e9rito de Sociolog\u00eda de la Universidad de California, Berkeley y profesor de Comunicaci\u00f3n en la Universidad del Sur de California es uno de los mayores especialistas del mundo en materia de explosiones sociales. Este soci\u00f3logo y economista espa\u00f1ol, que es tambi\u00e9n uno de los autores m\u00e1s citados en ciencias sociales, analiz\u00f3 la crisis que est\u00e1 experimentando la democracia liberal en el seminario \u201cExplosiones sociales: una visi\u00f3n global\u201d que organiz\u00f3 el Centro de Estudios P\u00fablicos, CEP, en Valparaiso (Chile) el 6 de noviembre pasado.<\/p>\n<p>Sobre las explosiones sociales que est\u00e1n viviendo muchas naciones entre ellas Chile, dice:<\/p>\n<p>\u201cLo que est\u00e1 pasando en Chile no es excepcional, para nada es un fen\u00f3meno global. No se asusten en el sentido de que est\u00e1n solos, si se hunden se hunden con todo el mundo, porque est\u00e1 todo el mundo as\u00ed. O la especie humana se mentaliza de alguna manera, no solamente con respecto al clima,\u00a0 sino con respecto a las Instituciones, con respecto a las aspiraciones de todos los j\u00f3venes del mundo, es decir, o nos actualizamos o desaparecemos a corto plazo, institucionalmente, y a muy medio plazo, de 50 a 100 a\u00f1os como especie.<\/p>\n<p>Los movimientos sociales no son movimientos pol\u00edticos. Los movimientos pol\u00edticos son pol\u00edticos, buscan transformar el Estado. Los movimientos sociales buscan la emergencia, la difusi\u00f3n, el debate de nuevas formas culturales. Los ciudadanos no tienen confianza ni en sus parlamentarios, ni en sus gobiernos, ni en sus presidentes, ni sobre todo en sus partidos pol\u00edticos. Hay un rechazo un\u00e1nime de todos los partidos, no son considerados leg\u00edtimos ni viables. M\u00e1s concretamente piensan que la clase pol\u00edtica se ha encerrado en s\u00ed misma, solo hablan entre ellos, y no se preocupan de los intereses de los ciudadanos m\u00e1s que para vender una opci\u00f3n en un mercado electoral cada cuatro a\u00f1os.<\/p>\n<p>La primera consecuencia de esa crisis de legitimidad pol\u00edtica: la transformaci\u00f3n fragmentada y ca\u00f3tica de los sistemas pol\u00edticos. La segunda: la emergencia de movimiento sociales, que los llamo movimientos sociales porque emergieron nuevos valores de todo tipo. Tercero, lo que ocurre en estos momentos: explosiones sociales. Es decir movimientos no articulados y en torno a proyectos que intentan cambiar ciertas formas de las instituciones. Simplemente la gente no puede m\u00e1s y explota. Y explota en algunos lugares con violencia limitada en otros con violencia m\u00e1s extrema. Esta violencia no son provocadores profesionales que los hay. Hay infiltrados y hay v\u00e1ndalos, pero no es lo esencial. Lo esencial es cuando una fracci\u00f3n de un movimiento mucho m\u00e1s amplio democr\u00e1tico, pac\u00edfico, etc.\u00a0 no puede m\u00e1s y entonces se enfrentan a la polic\u00eda. No piensen que esto va a pasar. No piensen que esto es un mal sue\u00f1o que cerrando los ojos va a desaparecer y ya est\u00e1. No va a pasar. Hay causas muy profundas que las tienen que encontrar ustedes, y tambi\u00e9n las soluciones las tienen que encontrar ustedes, la sociedad chilena. Pero no pasen de puntillas sobre esto y que no piense nadie que con cuatro medidas de alg\u00fan tipo esto ya se soluciona.\u201d<\/p>\n<p><span class=\"wpex-responsive-media\"><iframe loading=\"lazy\" title=\"Manuel Castells en el CEP\" width=\"980\" height=\"551\" src=\"https:\/\/www.youtube.com\/embed\/h97emCUyMf0?feature=oembed\"  allow=\"accelerometer; autoplay; encrypted-media; gyroscope; picture-in-picture\" allowfullscreen><\/iframe><\/span><\/p>\n<p>&nbsp;<\/p>\n","protected":false},"excerpt":{"rendered":"<p>Los movimientos sociales no son movimientos pol\u00edticos. Los movimientos pol\u00edticos son pol\u00edticos, buscan transformar el Estado. Los movimientos sociales buscan la emergencia, la difusi\u00f3n, el debate de nuevas formas culturales. Los ciudadanos no tienen confianza ni en sus parlamentarios, ni en sus gobiernos, ni en sus presidentes, ni sobre todo en sus partidos pol\u00edticos. Hay un rechazo un\u00e1nime de todos los partidos, no son considerados leg\u00edtimos ni viables. M\u00e1s concretamente piensan que la clase pol\u00edtica se ha encerrado en s\u00ed misma, solo hablan entre ellos, y no se preocupan de los intereses de los ciudadanos m\u00e1s que para vender una opci\u00f3n en un mercado electoral cada cuatro a\u00f1os.<\/p>\n","protected":false},"author":1,"featured_media":65480,"comment_status":"closed","ping_status":"closed","sticky":false,"template":"","format":"standard","meta":{"_acf_changed":false,"footnotes":""},"categories":[456,145,233,161,435],"tags":[],"post_series":[],"class_list":["post-65481","post","type-post","status-publish","format-standard","has-post-thumbnail","hentry","category-articles-es","category-articulos","category-home-es","category-sociedad-en-cambio","category-societat-en-canvi-es","entry","has-media"],"acf":[],"_links":{"self":[{"href":"https:\/\/cetr.net\/es\/wp-json\/wp\/v2\/posts\/65481","targetHints":{"allow":["GET"]}}],"collection":[{"href":"https:\/\/cetr.net\/es\/wp-json\/wp\/v2\/posts"}],"about":[{"href":"https:\/\/cetr.net\/es\/wp-json\/wp\/v2\/types\/post"}],"author":[{"embeddable":true,"href":"https:\/\/cetr.net\/es\/wp-json\/wp\/v2\/users\/1"}],"replies":[{"embeddable":true,"href":"https:\/\/cetr.net\/es\/wp-json\/wp\/v2\/comments?post=65481"}],"version-history":[{"count":4,"href":"https:\/\/cetr.net\/es\/wp-json\/wp\/v2\/posts\/65481\/revisions"}],"predecessor-version":[{"id":65486,"href":"https:\/\/cetr.net\/es\/wp-json\/wp\/v2\/posts\/65481\/revisions\/65486"}],"wp:featuredmedia":[{"embeddable":true,"href":"https:\/\/cetr.net\/es\/wp-json\/wp\/v2\/media\/65480"}],"wp:attachment":[{"href":"https:\/\/cetr.net\/es\/wp-json\/wp\/v2\/media?parent=65481"}],"wp:term":[{"taxonomy":"category","embeddable":true,"href":"https:\/\/cetr.net\/es\/wp-json\/wp\/v2\/categories?post=65481"},{"taxonomy":"post_tag","embeddable":true,"href":"https:\/\/cetr.net\/es\/wp-json\/wp\/v2\/tags?post=65481"},{"taxonomy":"post_series","embeddable":true,"href":"https:\/\/cetr.net\/es\/wp-json\/wp\/v2\/post_series?post=65481"}],"curies":[{"name":"wp","href":"https:\/\/api.w.org\/{rel}","templated":true}]}}