{"id":65528,"date":"2019-12-18T17:50:04","date_gmt":"2019-12-18T16:50:04","guid":{"rendered":"https:\/\/cetr.net\/es\/la-generacio-millennials-i-la-nova-politica\/"},"modified":"2019-12-18T18:41:39","modified_gmt":"2019-12-18T17:41:39","slug":"la-generacio-millennials-i-la-nova-politica","status":"publish","type":"post","link":"https:\/\/cetr.net\/es\/la-generacio-millennials-i-la-nova-politica\/","title":{"rendered":"La generaci\u00f3n Millennials y la nueva pol\u00edtica"},"content":{"rendered":"<h2 style=\"text-align: center;\"><b>LA GENERACI\u00d3N MILLENNIALS Y LA NUEVA POL\u00cdTICA <\/b><strong>extraido de Antoni Guti\u00e9rrez-Rub\u00ed en \u201cREVISTA DE ESTUDIOS DE JUVENTUD\u201d junio 15 | n\u00ba 108\u201d<\/strong><\/h2>\n<p>&nbsp;<\/p>\n<p>&nbsp;<\/p>\n<p>Tenemos algunos indicadores claros que nos encontramos frente a una nueva generaci\u00f3n que, educada en un entorno plenamente digital, tiene una aproximaci\u00f3n distinta a la pol\u00edtica. Esta realidad reclama una fuerte reformulaci\u00f3n de las estructuras pol\u00edticas tradicionales para su supervivencia. Al mismo tiempo, se formulan nuevos formatos, con nuevos valores, nuevos l\u00edderes que significan un evidente choque con las estructuras tradicionales, incapaces de reformularse a la velocidad que esta nueva generaci\u00f3n demanda.<\/p>\n<p>En este art\u00edculo, describiremos las caracter\u00edsticas de esta nueva generaci\u00f3n y cu\u00e1les son sus posicionamientos respeto a esta nueva pol\u00edtica. El an\u00e1lisis de sus intereses debe darnos buenas pistas hac\u00eda donde ha de dirigirse la acci\u00f3n y la comunicaci\u00f3n pol\u00edtica en los pr\u00f3ximos a\u00f1os.<\/p>\n<p>Los millennials: Una nueva generaci\u00f3n<\/p>\n<p>\u00abNacidos entre 1981 y 1995, son los hijos del Baby Boom. Seg\u00fan diversos informes globales, en 2025 supondr\u00e1n el 75 % de la fuerza laboral del mundo. Les llaman as\u00ed debido a que se hicieron adultos con el cambio del milenio (en plena prosperidad econ\u00f3mica, antes de la crisis). Algunos la llaman Generaci\u00f3n Y, otros los Echo Boomers, aunque desde hace ya tiempo son etiquetados como los Millennials.<br \/>\nAlgunas de las descripciones les retratan como personas malcriadas y mimadas, capaces de alargar la adolescencia hasta el ensimismamiento hedonista. Del \u00abyou\u00bb al \u00abme\u00bb. Impacientes y egoc\u00e9ntricas. Han tenido 110 % m\u00e1s poder de compra que sus padres pero ahora empiezan a sentir en sus vidas la dureza del desempleo, a pesar de su gran preparaci\u00f3n acad\u00e9mica. No les gustan los modelos tradicionales, tienen una alergia espasm\u00f3dica a las jerarqu\u00edas impuestas, y viven con una mentalidad abierta a \u00abvivir la vida\u00bb m\u00e1s all\u00e1 de ganar dinero, simplemente. Si tuvieran que elegir entre sus posesiones materiales y las digitales, no lo dudar\u00edan: escoger\u00edan las segundas. Las marcas no saben qu\u00e9 hacer. No compran coches, no se hipotecan\u2026 Porque no pueden y, en parte, porque no quieren. Su principal \u00abconsumo\u00bb es el de los contenidos.<br \/>\nPersonas preocupadas por su imagen, su reputaci\u00f3n y su proyecci\u00f3n. No tienen miedo a los retos. Y la caracter\u00edstica central: dominadoras de la tecnolog\u00eda como una prolongaci\u00f3n de su propio cuerpo. Sus relaciones b\u00e1sicas han estado intermediadas por una pantalla: mantienen sus amistades por Facebook o WhatsApp, se informan con Twitter y hasta comparten sus comidas en Instagram. Est\u00e1n conectados 24 horas, los 7 d\u00edas de la semana.<br \/>\nLa ruptura del tiempo y del espacio como elementos inevitables para cualquier tipo de relaci\u00f3n o experiencia es el pasado. La ubicuidad es la naturaleza del presente, sin coordenadas. Siempre con sus smartphones encima. Pueden llegar a tener tres o cuatro dispositivos m\u00f3viles. Multiformato, multipantalla y multicultural, de serie. Sin concesiones. On y off integrados. No ven la diferencia. No la entienden. Tienen otro diccionario: el Urban Dictionary les representa mejor.<\/p>\n<p>Puedes descargar el art\u00edculo haciendo click <a href=\"http:\/\/www.injuve.es\/sites\/default\/files\/2017\/46\/publicaciones\/revista108_12-generacion-millennials-y-la-nueva-politica.pdf\">aqu\u00ed<\/a><\/p>\n<p>&nbsp;<\/p>\n","protected":false},"excerpt":{"rendered":"<p>Tenemos algunos indicadores claros que nos encontramos frente a una nueva generaci\u00f3n que, educada en un entorno plenamente digital, tiene una aproximaci\u00f3n distinta a la pol\u00edtica. Esta realidad reclama una fuerte reformulaci\u00f3n de las estructuras pol\u00edticas tradicionales para su supervivencia. Al mismo tiempo, se formulan nuevos formatos, con nuevos valores, nuevos l\u00edderes que significan un evidente choque con las estructuras tradicionales, incapaces de reformularse a la velocidad que esta nueva generaci\u00f3n demanda.<\/p>\n","protected":false},"author":1,"featured_media":65537,"comment_status":"closed","ping_status":"closed","sticky":false,"template":"","format":"standard","meta":{"_acf_changed":false,"footnotes":""},"categories":[456,145,233,161,435],"tags":[],"post_series":[],"class_list":["post-65528","post","type-post","status-publish","format-standard","has-post-thumbnail","hentry","category-articles-es","category-articulos","category-home-es","category-sociedad-en-cambio","category-societat-en-canvi-es","entry","has-media"],"acf":[],"_links":{"self":[{"href":"https:\/\/cetr.net\/es\/wp-json\/wp\/v2\/posts\/65528","targetHints":{"allow":["GET"]}}],"collection":[{"href":"https:\/\/cetr.net\/es\/wp-json\/wp\/v2\/posts"}],"about":[{"href":"https:\/\/cetr.net\/es\/wp-json\/wp\/v2\/types\/post"}],"author":[{"embeddable":true,"href":"https:\/\/cetr.net\/es\/wp-json\/wp\/v2\/users\/1"}],"replies":[{"embeddable":true,"href":"https:\/\/cetr.net\/es\/wp-json\/wp\/v2\/comments?post=65528"}],"version-history":[{"count":5,"href":"https:\/\/cetr.net\/es\/wp-json\/wp\/v2\/posts\/65528\/revisions"}],"predecessor-version":[{"id":65539,"href":"https:\/\/cetr.net\/es\/wp-json\/wp\/v2\/posts\/65528\/revisions\/65539"}],"wp:featuredmedia":[{"embeddable":true,"href":"https:\/\/cetr.net\/es\/wp-json\/wp\/v2\/media\/65537"}],"wp:attachment":[{"href":"https:\/\/cetr.net\/es\/wp-json\/wp\/v2\/media?parent=65528"}],"wp:term":[{"taxonomy":"category","embeddable":true,"href":"https:\/\/cetr.net\/es\/wp-json\/wp\/v2\/categories?post=65528"},{"taxonomy":"post_tag","embeddable":true,"href":"https:\/\/cetr.net\/es\/wp-json\/wp\/v2\/tags?post=65528"},{"taxonomy":"post_series","embeddable":true,"href":"https:\/\/cetr.net\/es\/wp-json\/wp\/v2\/post_series?post=65528"}],"curies":[{"name":"wp","href":"https:\/\/api.w.org\/{rel}","templated":true}]}}