{"id":65972,"date":"2010-12-18T22:20:48","date_gmt":"2010-12-18T21:20:48","guid":{"rendered":"https:\/\/cetr.net\/es\/?p=65972"},"modified":"2020-07-28T19:40:41","modified_gmt":"2020-07-28T17:40:41","slug":"5o-encuentro-internacional-de-cetr-la-espiritualidad-como-cualidad-humana-y-su-cultivo-en-una-sociedad-laica","status":"publish","type":"post","link":"https:\/\/cetr.net\/es\/5o-encuentro-internacional-de-cetr-la-espiritualidad-como-cualidad-humana-y-su-cultivo-en-una-sociedad-laica\/","title":{"rendered":"5\u00ba Encuentro Internacional de CETR. LA ESPIRITUALIDAD COMO CUALIDAD HUMANA Y SU CULTIVO EN UNA SOCIEDAD LAICA"},"content":{"rendered":"<p><a href=\"https:\/\/cetr.net\/wp-content\/uploads\/2020\/05\/libro-5o-Encuentro.1.pdf\" target=\"_blank\" rel=\"noopener noreferrer\">descargar pdf<\/a><\/p>\n<p style=\"text-align: right;\"><span style=\"color: #800000;\"><a href=\"https:\/\/cetr.net\/es\/tematica-dels-15-encontres-internacionals-2004-2019\/\"><strong>Tem\u00e1tica de los 15 Encuentros Internacionales<\/strong><\/a> con link a los libros<\/span><\/p>\n<p>Dando un paso m\u00e1s, este Quinto Encuentro Intrenacional de CETR [1] se ha propuesto estudiar el tema de \u201cla espiritualidad en s\u00ed misma\u201d que es una cualidad humana peculiar que nos adentra en el abismo de Dios, o como quiera que se represente esa dimensi\u00f3n absoluta. Una cualidad que nos es constitutiva, pero que debe cultivarse tambi\u00e9n para vivir como humanos y para habitar en la tierra convenientemente, aunque no se tenga el prop\u00f3sito o la posibilidad de adentrarse en el oc\u00e9ano de nuestra dimensi\u00f3n absoluta. Dicha espiritualidad tiene que ser viable en una sociedad laica, no creyente, no religiosa y de globalizaci\u00f3n a todos los niveles, pero en especial de globalizaci\u00f3n espiritual.<\/p>\n<p>En una sociedad as\u00ed hay que aclarar y precisar qu\u00e9 es propiamente eso que llamamos \u201cespiritualidad\u201d. El eje de nuestro trabajo ha sido pues: \u201cqu\u00e9 es eso, a lo cual no sabemos exactamente c\u00f3mo denominar ahora, y que nuestros antepasados llamaron espiritualidad y vivieron unido a la religi\u00f3n\u201d.<\/p>\n<p>El problema hay que abordarlo desde diversas disciplinas:<\/p>\n<p style=\"padding-left: 40px;\">-Desde la epistemolog\u00eda: qu\u00e9 tipo de conocer y sentir es ese que llamamos espiritualidad y que tipo de compromisos y acciones desencadena.<br \/>\n-Desde la antropolog\u00eda: qu\u00e9 dimensi\u00f3n del existir humano es ese.<br \/>\n-Desde la sociolog\u00eda: qu\u00e9 supone ese hecho, intr\u00ednseco a nuestra especie, para su organizaci\u00f3n y proyectos colectivos.<br \/>\n-Desde la cultural en general: qu\u00e9 dimensiones del existir, conocer, sentir ha de tener en cuenta la cultura y sus construcciones, si no quiere hacer traici\u00f3n y deformar lo que son los rasgos espec\u00edficos de nuestro linaje de animales que hablan.<\/p>\n<p>Habr\u00eda que abordar qu\u00e9 es la espiritualidad, vista desde las diferentes facetas de nuestras condiciones de existencia. Pero ninguna de esas disciplinas puede darnos algo significativo para saber qu\u00e9 es la espiritualidad propiamente dicha, si no es acercarnos al borde de la playa, o al borde del abismo \u201cde lo que es\u201d, donde reside la espiritualidad.<\/p>\n[1] Los cinco primeros encuentros se realizaron en Can Bordoi bajo el patrocinio de la Fundaci\u00f3 Jaume Bofill, de ah\u00ed el t\u00edtulo del libro. Pero a partir del 2009, ya sin su patrocinio los encuentros pasaron a llamarse Encuentros Internacionales de CETR.<\/p>\n<p><a href=\"https:\/\/cetr.net\/wp-content\/uploads\/2020\/05\/libro-5o-Encuentro.1.pdf\" target=\"_blank\" rel=\"noopener noreferrer\">descargar pdf<\/a><\/p>\n<p><strong>SUMARIO<\/strong><\/p>\n<p><strong>PRESENTACI\u00d3N Y PARTICIPANTES<\/strong><\/p>\n<p><strong>LORCA Y MACHADO DESDE UN PUNTO DE VISTA ESPIRITUAL \u2013Fragmento de un ensayo-\u00a0<\/strong>Domingo Melero<br \/>\nSesi\u00f3n de trabajo<\/p>\n<p><strong>EL RETO DEL CRISTIANISMO EN AM\u00c9RICA LATINA: DE UN CRISTIANISMO SOCIALMENTE COMPRO- METIDO PERO RELIGIOSO A UNA ESPIRITUALIDAD LAICA<\/strong>\u00a0 Amando Robles<br \/>\nSesi\u00f3n de trabajo<\/p>\n<p><strong>EL CULTIVO DE LA CUALIDAD HUMANA PROFUNDA<\/strong> Mari\u00e0 \u00a0Corb\u00ed<br \/>\nSesi\u00f3n de trabajo<\/p>\n<p><strong>\u201c<em>Abb\u00e1<\/em>\u201d: UNA NUEVA COMPRENSI\u00d3N DE LA SOCIEDAD Y LA RELIGI\u00d3N PALESTINENSES EN JES\u00daS DE NAZARET<\/strong> Luigi \u00a0Schiavo<br \/>\nSesi\u00f3n de trabajo<\/p>\n<p><strong>INTER-ACCI\u00d3N INDIA-OCCIDENTE-INDIA \u201cUnidad en la diversidad\u201d\u00a0<\/strong> Bhakti \u00a0das<br \/>\nSesi\u00f3n de trabajo<\/p>\n<p><strong>EL CULTIVO DE LA CUALIDAD HUMANA, UN RETO PROFUNDO\u00a0<\/strong>Teresa \u00a0Guardans<br \/>\nSesi\u00f3n de trabajo<\/p>\n<p><strong>\u00bfQU\u00c9 LENGUAJE PEDIR\u00cdA AL LEGADO DE LAS\u00a0TRADICIONES PARA QUE\u00a0 PUDIERA SER\u00a0 OFRECIDO COMO CULTIVO DE LA CUALIDAD SIMPLEMENTE HUMANA A LOS\u00a0 PROFESIONALES DE FORMA QUE QUEDE, TAMBI\u00c9N, ABIERTA LA PUERTA A UNA DIMENSI\u00d3N POSTERIOR?<\/strong>\u00a0Guy\u00a0 Gim\u00e9nez<br \/>\nSesi\u00f3n de trabajo<\/p>\n<p><strong>\u00a0HACIA UN SUFISMO M\u00c1S\u00a0 ALL\u00c1 DE\u00a0 LAS FORMAS RELIGIOSAS\u00a0<\/strong>Halil \u00a0B\u00e1rcena<br \/>\nSesi\u00f3n de trabajo<\/p>\n<p><strong>\u00a0LA CUALIDAD HUMANA COMO FRUTO DEL CULTIVO DE IDS EN JES\u00daS DE NAZARET<\/strong>\u00a0 Marta Gran\u00e9s<br \/>\nSesi\u00f3n de trabajo<\/p>\n<p>APUNTES PARA UNA PRAGM\u00c1TICA DE LA ESPIRITUALIDAD\u00a0\u00a0Juan Manuel Fajardo<br \/>\nSesi\u00f3n de trabajo<\/p>\n<p><strong>\u00a0TEOLOG\u00cdA DE LA LIBERACI\u00d3N Y NUEVA EPISTE- MOLOG\u00cdA. TEOLOG\u00cdA ANTE TIEMPOS FUTUROS DE ESPIRITUALIDAD LAICA\u00a0<\/strong> \u00a0 \u00a0Jos\u00e9 Mar\u00eda Vigil<br \/>\nSesi\u00f3n de trabajo<\/p>\n<p><strong>ALGUNAS REFLEXIONES FINALES\u00a0<\/strong><\/p>\n<p><a href=\"https:\/\/cetr.net\/wp-content\/uploads\/2020\/05\/libro-5o-Encuentro.1.pdf\" target=\"_blank\" rel=\"noopener noreferrer\">descargar pdf<\/a><\/p>\n","protected":false},"excerpt":{"rendered":"<p>Dando un paso m\u00e1s, este Quinto Encuentro se ha propuesto estudiar el tema de \u201cla espiritualidad en s\u00ed misma\u201d que es una cualidad humana peculiar que nos adentra en el abismo de Dios, o como quiera que se represente esa dimensi\u00f3n absoluta. Una cualidad que nos es constitutiva, pero que debe cultivarse tambi\u00e9n para vivir como humanos y para habitar en la tierra convenientemente, aunque no se tenga el prop\u00f3sito o la posibilidad de adentrarse en el oc\u00e9ano de nuestra dimensi\u00f3n absoluta. Dicha espiritualidad tiene que ser viable en una sociedad laica, no creyente, no religiosa y de globalizaci\u00f3n a todos los niveles, pero en especial de globalizaci\u00f3n espiritual.<\/p>\n<p>En una sociedad as\u00ed hay que aclarar y precisar qu\u00e9 es propiamente eso que llamamos \u201cespiritualidad\u201d. El eje de nuestro trabajo ha sido pues: \u201cqu\u00e9 es eso, a lo cual no sabemos exactamente c\u00f3mo denominar ahora, y que nuestros antepasados llamaron espiritualidad y vivieron unido a la religi\u00f3n\u201d.<\/p>\n","protected":false},"author":1,"featured_media":65976,"comment_status":"closed","ping_status":"closed","sticky":false,"template":"","format":"standard","meta":{"_acf_changed":false,"footnotes":""},"categories":[296,149],"tags":[],"post_series":[],"class_list":["post-65972","post","type-post","status-publish","format-standard","has-post-thumbnail","hentry","category-encuentros-encontres-es","category-nuestros-libros","entry","has-media"],"acf":[],"_links":{"self":[{"href":"https:\/\/cetr.net\/es\/wp-json\/wp\/v2\/posts\/65972","targetHints":{"allow":["GET"]}}],"collection":[{"href":"https:\/\/cetr.net\/es\/wp-json\/wp\/v2\/posts"}],"about":[{"href":"https:\/\/cetr.net\/es\/wp-json\/wp\/v2\/types\/post"}],"author":[{"embeddable":true,"href":"https:\/\/cetr.net\/es\/wp-json\/wp\/v2\/users\/1"}],"replies":[{"embeddable":true,"href":"https:\/\/cetr.net\/es\/wp-json\/wp\/v2\/comments?post=65972"}],"version-history":[{"count":10,"href":"https:\/\/cetr.net\/es\/wp-json\/wp\/v2\/posts\/65972\/revisions"}],"predecessor-version":[{"id":66588,"href":"https:\/\/cetr.net\/es\/wp-json\/wp\/v2\/posts\/65972\/revisions\/66588"}],"wp:featuredmedia":[{"embeddable":true,"href":"https:\/\/cetr.net\/es\/wp-json\/wp\/v2\/media\/65976"}],"wp:attachment":[{"href":"https:\/\/cetr.net\/es\/wp-json\/wp\/v2\/media?parent=65972"}],"wp:term":[{"taxonomy":"category","embeddable":true,"href":"https:\/\/cetr.net\/es\/wp-json\/wp\/v2\/categories?post=65972"},{"taxonomy":"post_tag","embeddable":true,"href":"https:\/\/cetr.net\/es\/wp-json\/wp\/v2\/tags?post=65972"},{"taxonomy":"post_series","embeddable":true,"href":"https:\/\/cetr.net\/es\/wp-json\/wp\/v2\/post_series?post=65972"}],"curies":[{"name":"wp","href":"https:\/\/api.w.org\/{rel}","templated":true}]}}