{"id":66412,"date":"2022-07-01T16:58:37","date_gmt":"2022-07-01T14:58:37","guid":{"rendered":"https:\/\/cetr.net\/es\/curs-uab\/"},"modified":"2023-07-03T15:52:27","modified_gmt":"2023-07-03T13:52:27","slug":"curs-uab","status":"publish","type":"post","link":"https:\/\/cetr.net\/es\/curs-uab\/","title":{"rendered":"12. RETOS DE LAS SOCIEDADES DE INNOVACI\u00d3N: CURSO SOBRE LA CONSTRUCCI\u00d3N DE SISTEMAS DE MOTIVACI\u00d3N Y COHESI\u00d3N COLECTIVAS"},"content":{"rendered":"<div class=\"wpb-content-wrapper\">[vc_row][vc_column][vc_column_text]<strong>Incluido dentro del programa de Cursos de Especializaci\u00f3n de la UAB<\/strong><\/p>\n<p>Informaci\u00f3n y matr\u00edcula haciendo clic aqu\u00ed: <a href=\"https:\/\/www.uab.cat\/web\/postgrado\/curso-en-retos-de-las-sociedades-de-innovacion-la-construccion-de-sistemas-de-motivacion-y-cohesion-colectivas\/informacion-general-1206597475768.html\/param1-3775_es\/\">Curso sobre Retos de las Sociedades de Innovaci\u00f3n: La Construcci\u00f3n de Sistemas de Motivaci\u00f3n y Cohesi\u00f3n Colectivas<\/a><\/p>\n<p>a cargo del equipo de CETR, coordinado por el profesor Daniel Gamper (UAB)<\/p>\n<p>Los sistemas de motivaci\u00f3n y cohesi\u00f3n social fundamentales para el buen funcionamiento de los equipos de las sociedades din\u00e1micas, deber\u00e1n saberse construir ya que los anteriores las frenan. Deberemos ser capaces de crear sistemas de motivaci\u00f3n que se adecuen a las nuevas condiciones de generaci\u00f3n de riqueza: la creaci\u00f3n constante de innovaci\u00f3n. El curso ofrece criterios y herramientas b\u00e1sicos para la elaboraci\u00f3n de nuevos proyectos de valores colectivos que sirvan tanto para una buena gesti\u00f3n personal como de los equipos. En este proceso de aceleraci\u00f3n de formas de vida, el cultivo de la calidad humana resulta imprescindible.<\/p>\n<p><strong>Fechas:<\/strong> 14 lunes, del 6 de octubre de 2022 al 26 de enero de 2023<br \/>\n<strong>Horario:\u00a0<\/strong>de 16h a 19h<br \/>\n<strong>Aportaci\u00f3n:<\/strong> 200\u20ac[\/vc_column_text][vc_video link=\u00bbhttps:\/\/youtu.be\/n22wAPBuvow\u00bb el_width=\u00bb70&#8243; align=\u00bbcenter\u00bb][\/vc_column][\/vc_row][vc_row][vc_column][vc_tta_accordion color=\u00bbvista-blue\u00bb active_section=\u00bb1&#8243;][vc_tta_section title=\u00bbMetodolog\u00eda del curso\u00bb tab_id=\u00bb1615213065950-a59bf5d1-1d16&#8243;][vc_column_text]La metodolog\u00eda del curso ser\u00e1 una combinaci\u00f3n de recursos tanto te\u00f3ricos como pr\u00e1cticos, donde se explicar\u00e1n los fundamentos de la Epistemolog\u00eda Axiol\u00f3gica, as\u00ed como la importancia de esta en las nuevas sociedades de conocimiento para entender, en sus aplicaciones pr\u00e1cticas, como desarrollar un Proyecto Axiol\u00f3gico Colectivo para cohesionar y motivar equipos sean del \u00e1mbito que sean (empresas, colectivos sociales, equipos creativos etc\u00e9tera)<\/p>\n<p>El curso est\u00e1 pensado en unas 14 sesiones que se impartir\u00e1n los lunes de 16:30h a 19:30h a partir de Octubre.[\/vc_column_text][\/vc_tta_section][vc_tta_section title=\u00bbSesiones que se impartir\u00e1n a lo largo del curso\u00bb tab_id=\u00bb1615213065969-b6460b78-4567&#8243;][vc_column_text]\n<p style=\"text-align: center;\"><strong><span style=\"font-size: 21px; color: #993300;\">Sesiones que se impartir\u00e1n a lo largo del curso<\/span><\/strong><\/p>\n<p><strong><span style=\"color: #993300;\">Sesi\u00f3n 1:<\/span><\/strong> Crisis de las motivaciones y cohesiones colectivas. La urgencia de conseguir sistemas de cohesi\u00f3n y motivaci\u00f3n de equipos creativos.<\/p>\n<p><strong><span style=\"color: #993300;\">Sesi\u00f3n 2:<\/span><\/strong> An\u00e1lisis de los proyectos colectivos y sistemas de valor de las sociedades del pasado.<\/p>\n<p><span style=\"color: #993300;\"><strong>Sesi\u00f3n 3:<\/strong><\/span> Proyectos del pasado versus nuevos proyectos: la fijaci\u00f3n y la jerarqu\u00eda versus la horizontalidad y la adhesi\u00f3n libre.<\/p>\n<p><span style=\"color: #993300;\"><strong>Sesi\u00f3n 4:<\/strong><\/span> Asumir la Sociedad de Conocimiento: un destino inevitable. Riesgos que introducen las tecnociencias aceleradas.<\/p>\n<p><span style=\"color: #993300;\"><strong>Sesi\u00f3n 5:<\/strong><\/span> Cambios que las tecnociencias introducen en la manera de pensar, sentir y actuar: nueva visi\u00f3n del individuo, de la organizaci\u00f3n y del conocimiento.<\/p>\n<p><strong><span style=\"color: #993300;\">Sesi\u00f3n 6:<\/span><\/strong> El peculiar acceso humano a la realidad: la cualidad humana como base para la creatividad, libertad, cohesi\u00f3n y motivaci\u00f3n de equipos.<\/p>\n<p><span style=\"color: #993300;\"><strong>Sesi\u00f3n 7:<\/strong><\/span> Herramientas para construir narraciones para la cohesi\u00f3n y motivaci\u00f3n colectivas: los 7 protocolos de construcci\u00f3n.<\/p>\n<p><span style=\"color: #993300;\"><strong>Sesi\u00f3n 8:<\/strong><\/span> Caso pr\u00e1ctico protocolo 1 &#8211; An\u00e1lisis del cuadro de valores reales de un colectivo concreto.<\/p>\n<p><span style=\"color: #993300;\"><strong>Sesi\u00f3n 9:<\/strong> <\/span>Caso pr\u00e1ctico protocolo 2 &#8211; Postulaciones propias de las sociedades creativas aplicadas a colectivos concretos.<\/p>\n<p><span style=\"color: #993300;\"><strong>Sesi\u00f3n 10:<\/strong><\/span> Caso pr\u00e1ctico protocolo 3 &#8211; La transformaci\u00f3n de los postulados conceptuales en postulados valorales o estimulativos.<\/p>\n<p><span style=\"color: #993300;\"><strong>Sesi\u00f3n 11:<\/strong><\/span> Caso pr\u00e1ctico protocolo 4 &#8211; Estructura profunda de las narraciones.<\/p>\n<p><span style=\"color: #993300;\"><strong>Sesi\u00f3n 12:<\/strong><\/span> Caso pr\u00e1ctico protocolo 5 &#8211; La construcci\u00f3n del discurso.<\/p>\n<p><span style=\"color: #993300;\"><strong>Sesi\u00f3n 13:<\/strong><\/span> Caso pr\u00e1ctico protocolo 6: Estrategias para implementar los objeticos del discurso.<\/p>\n<p><span style=\"color: #993300;\"><strong>Sesi\u00f3n 14:<\/strong><\/span> Caso pr\u00e1ctico protocolo 7 &#8211; T\u00e1cticas para implementar los objetivos del discurso.[\/vc_column_text][\/vc_tta_section][\/vc_tta_accordion][\/vc_column][\/vc_row][vc_row][vc_column][vc_column_text]\n<p style=\"text-align: center;\"><span style=\"font-size: 21px;\"><strong><span style=\"color: #993300;\">Formulario de preinscripci\u00f3n al curso<\/span><\/strong><\/span><\/p>\n[\/vc_column_text]\n<div class=\"wpcf7 no-js\" id=\"wpcf7-f67598-o1\" lang=\"ca\" dir=\"ltr\" data-wpcf7-id=\"67598\">\n<div class=\"screen-reader-response\"><p role=\"status\" aria-live=\"polite\" aria-atomic=\"true\"><\/p> <ul><\/ul><\/div>\n<form action=\"\/es\/wp-json\/wp\/v2\/posts\/66412#wpcf7-f67598-o1\" method=\"post\" class=\"wpcf7-form init\" aria-label=\"Formulari de contacte\" novalidate=\"novalidate\" data-status=\"init\">\n<fieldset class=\"hidden-fields-container\"><input type=\"hidden\" name=\"_wpcf7\" value=\"67598\" \/><input type=\"hidden\" name=\"_wpcf7_version\" value=\"6.1.5\" \/><input type=\"hidden\" name=\"_wpcf7_locale\" value=\"ca\" \/><input type=\"hidden\" name=\"_wpcf7_unit_tag\" value=\"wpcf7-f67598-o1\" \/><input type=\"hidden\" name=\"_wpcf7_container_post\" value=\"0\" \/><input type=\"hidden\" name=\"_wpcf7_posted_data_hash\" value=\"\" \/><input type=\"hidden\" name=\"_wpcf7_recaptcha_response\" value=\"\" \/>\n<\/fieldset>\n<p><label> El nom (obligatori)<br \/>\n<span class=\"wpcf7-form-control-wrap\" data-name=\"your-name\"><input size=\"40\" maxlength=\"400\" class=\"wpcf7-form-control wpcf7-text wpcf7-validates-as-required\" aria-required=\"true\" aria-invalid=\"false\" value=\"\" type=\"text\" name=\"your-name\" \/><\/span> <\/label>\n<\/p>\n<p><label> El correu electr\u00f2nic (obligatori)<br \/>\n<span class=\"wpcf7-form-control-wrap\" data-name=\"your-email\"><input size=\"40\" maxlength=\"400\" class=\"wpcf7-form-control wpcf7-email wpcf7-validates-as-required wpcf7-text wpcf7-validates-as-email\" aria-required=\"true\" aria-invalid=\"false\" value=\"\" type=\"email\" name=\"your-email\" \/><\/span> <\/label>\n<\/p>\n<p><label> El missatge<br \/>\n<span class=\"wpcf7-form-control-wrap\" data-name=\"your-message\"><textarea cols=\"40\" rows=\"10\" maxlength=\"2000\" class=\"wpcf7-form-control wpcf7-textarea\" aria-invalid=\"false\" name=\"your-message\"><\/textarea><\/span> <\/label>\n<\/p>\n<p><input class=\"wpcf7-form-control wpcf7-submit has-spinner\" type=\"submit\" value=\"Envia\" \/>\n<\/p><p style=\"display: none !important;\" class=\"akismet-fields-container\" data-prefix=\"_wpcf7_ak_\"><label>&#916;<textarea name=\"_wpcf7_ak_hp_textarea\" cols=\"45\" rows=\"8\" maxlength=\"100\"><\/textarea><\/label><input type=\"hidden\" id=\"ak_js_1\" name=\"_wpcf7_ak_js\" value=\"250\"\/><script>\ndocument.getElementById( \"ak_js_1\" ).setAttribute( \"value\", ( new Date() ).getTime() );\n<\/script>\n<\/p><div class=\"wpcf7-response-output\" aria-hidden=\"true\"><\/div>\n<\/form>\n<\/div>\n[\/vc_column][\/vc_row]\n<\/div>","protected":false},"excerpt":{"rendered":"<p>Fechas: 14 lunes, del 6 de octubre de 2022 al 26 de enero de 2023<br \/>\nHorario:\u00a0de 16h a 19h<\/p>\n","protected":false},"author":1,"featured_media":67487,"comment_status":"closed","ping_status":"closed","sticky":false,"template":"","format":"standard","meta":{"_acf_changed":false,"footnotes":""},"categories":[],"tags":[],"post_series":[],"class_list":["post-66412","post","type-post","status-publish","format-standard","has-post-thumbnail","hentry","entry","has-media"],"acf":[],"_links":{"self":[{"href":"https:\/\/cetr.net\/es\/wp-json\/wp\/v2\/posts\/66412","targetHints":{"allow":["GET"]}}],"collection":[{"href":"https:\/\/cetr.net\/es\/wp-json\/wp\/v2\/posts"}],"about":[{"href":"https:\/\/cetr.net\/es\/wp-json\/wp\/v2\/types\/post"}],"author":[{"embeddable":true,"href":"https:\/\/cetr.net\/es\/wp-json\/wp\/v2\/users\/1"}],"replies":[{"embeddable":true,"href":"https:\/\/cetr.net\/es\/wp-json\/wp\/v2\/comments?post=66412"}],"version-history":[{"count":16,"href":"https:\/\/cetr.net\/es\/wp-json\/wp\/v2\/posts\/66412\/revisions"}],"predecessor-version":[{"id":69678,"href":"https:\/\/cetr.net\/es\/wp-json\/wp\/v2\/posts\/66412\/revisions\/69678"}],"wp:featuredmedia":[{"embeddable":true,"href":"https:\/\/cetr.net\/es\/wp-json\/wp\/v2\/media\/67487"}],"wp:attachment":[{"href":"https:\/\/cetr.net\/es\/wp-json\/wp\/v2\/media?parent=66412"}],"wp:term":[{"taxonomy":"category","embeddable":true,"href":"https:\/\/cetr.net\/es\/wp-json\/wp\/v2\/categories?post=66412"},{"taxonomy":"post_tag","embeddable":true,"href":"https:\/\/cetr.net\/es\/wp-json\/wp\/v2\/tags?post=66412"},{"taxonomy":"post_series","embeddable":true,"href":"https:\/\/cetr.net\/es\/wp-json\/wp\/v2\/post_series?post=66412"}],"curies":[{"name":"wp","href":"https:\/\/api.w.org\/{rel}","templated":true}]}}