{"id":66627,"date":"2020-09-03T19:11:25","date_gmt":"2020-09-03T17:11:25","guid":{"rendered":"https:\/\/cetr.net\/es\/?p=66627"},"modified":"2020-09-10T16:42:47","modified_gmt":"2020-09-10T14:42:47","slug":"el-gran-olvido-la-gratuidad-del-vivir-principios-de-epistemologia-axiologica-6","status":"publish","type":"post","link":"https:\/\/cetr.net\/es\/el-gran-olvido-la-gratuidad-del-vivir-principios-de-epistemologia-axiologica-6\/","title":{"rendered":"El gran olvido: la gratuidad del vivir. Principios de epistemolog\u00eda axiol\u00f3gica 6"},"content":{"rendered":"<p>ISBN PAPEL 978-84-685-4883-8<\/p>\n<p>ISBN DIGITAL 978-84-685-4884-5<\/p>\n<p>Precio: 11\u20ac<br \/>\n<a href=\"https:\/\/www.bubok.es\/libros\/264938\/El-gran-olvido-la-gratuidad-del-vivir-Principios-de-epistemologia-axiologica-6\">Descarga gratuita o compra online<\/a><\/p>\n<p>Este libro recoge los pensamientos y meditaciones de Mari\u00e0 Corb\u00ed de los \u00faltimos tiempos sobre las transformaciones que est\u00e1 provocando la entrada y asentamiento de las sociedades de conocimiento en todos los niveles de la vida humana.<\/p>\n<p>Se trata de reflexiones nuevas sobre temas como la cualidad humana, la cualidad humana profunda que nuestros antepasados llamaron espiritualidad, la crisis axiol\u00f3gica, religiosa e ideol\u00f3gica y la necesidad urgente de crear proyectos de vida colectiva adecuados a las sociedades de acelerada innovaci\u00f3n y cambio.<\/p>\n<p>El autor se adentra en lo que llama dimensi\u00f3n absoluta de lo real como dato antropol\u00f3gico, lo que supone una novedad en la historia humana puesto que en el pasado ese dato ha estado secuestrado al servicio de las religiones funcionando como proyecto de vida colectiva. Esta aproximaci\u00f3n a la dimensi\u00f3n absoluta est\u00e1 orientada por la preocupaci\u00f3n de saber c\u00f3mo acercarse a las generaciones m\u00e1s j\u00f3venes que est\u00e1n ya invadidas por los rasgos de las sociedades de conocimiento y que, por ello, no pueden heredar del pasado, aunque quisieran, las formas religiosas de comprensi\u00f3n y cultivo de la dimensi\u00f3n absoluta de la realidad.<\/p>\n<p>Corb\u00ed ha observado que los m\u00e1s j\u00f3venes carecen de toda orientaci\u00f3n eficaz para conseguir una cualidad humana que sea de cierta profundidad, y que, sin embargo, la necesitan imprescindiblemente para gestionar convenientemente las sociedades de conocimiento que ya est\u00e1n y estar\u00e1n ma\u00f1ana exclusivamente en sus manos. No deben olvidar la dimensi\u00f3n gratuita del vivir puesto que sin el cultivo de esa dimensi\u00f3n no podr\u00e1n tener la frescura, humanidad y creatividad que imprescindiblemente requiere la gesti\u00f3n de las nuevas sociedades.<\/p>\n<p>En el libro se recogen algunos consejos pr\u00e1cticos de los sabios de las grandes tradiciones que, m\u00e1s all\u00e1 de formar parte del programa colectivo, conducen a la felicidad humana, la flexibilidad y la creatividad.<\/p>\n","protected":false},"excerpt":{"rendered":"<p>Este libro recoge los pensamientos y meditaciones de Mari\u00e0 Corb\u00ed de los \u00faltimos tiempos sobre las transformaciones que est\u00e1 provocando la entrada y asentamiento de las sociedades de conocimiento en todos los niveles de la vida humana.<\/p>\n<p>Se trata de reflexiones nuevas sobre temas como la cualidad humana, la cualidad humana profunda que nuestros antepasados llamaron espiritualidad, la crisis axiol\u00f3gica, religiosa e ideol\u00f3gica y la necesidad urgente de crear proyectos de vida colectiva adecuados a las sociedades de acelerada innovaci\u00f3n y cambio.<\/p>\n","protected":false},"author":1,"featured_media":66628,"comment_status":"closed","ping_status":"closed","sticky":false,"template":"","format":"standard","meta":{"_acf_changed":false,"footnotes":""},"categories":[145,233,332,446,149],"tags":[],"post_series":[],"class_list":["post-66627","post","type-post","status-publish","format-standard","has-post-thumbnail","hentry","category-articulos","category-home-es","category-maria-corbi-es","category-maria-corbi-es-2","category-nuestros-libros","entry","has-media"],"acf":[],"_links":{"self":[{"href":"https:\/\/cetr.net\/es\/wp-json\/wp\/v2\/posts\/66627","targetHints":{"allow":["GET"]}}],"collection":[{"href":"https:\/\/cetr.net\/es\/wp-json\/wp\/v2\/posts"}],"about":[{"href":"https:\/\/cetr.net\/es\/wp-json\/wp\/v2\/types\/post"}],"author":[{"embeddable":true,"href":"https:\/\/cetr.net\/es\/wp-json\/wp\/v2\/users\/1"}],"replies":[{"embeddable":true,"href":"https:\/\/cetr.net\/es\/wp-json\/wp\/v2\/comments?post=66627"}],"version-history":[{"count":3,"href":"https:\/\/cetr.net\/es\/wp-json\/wp\/v2\/posts\/66627\/revisions"}],"predecessor-version":[{"id":66638,"href":"https:\/\/cetr.net\/es\/wp-json\/wp\/v2\/posts\/66627\/revisions\/66638"}],"wp:featuredmedia":[{"embeddable":true,"href":"https:\/\/cetr.net\/es\/wp-json\/wp\/v2\/media\/66628"}],"wp:attachment":[{"href":"https:\/\/cetr.net\/es\/wp-json\/wp\/v2\/media?parent=66627"}],"wp:term":[{"taxonomy":"category","embeddable":true,"href":"https:\/\/cetr.net\/es\/wp-json\/wp\/v2\/categories?post=66627"},{"taxonomy":"post_tag","embeddable":true,"href":"https:\/\/cetr.net\/es\/wp-json\/wp\/v2\/tags?post=66627"},{"taxonomy":"post_series","embeddable":true,"href":"https:\/\/cetr.net\/es\/wp-json\/wp\/v2\/post_series?post=66627"}],"curies":[{"name":"wp","href":"https:\/\/api.w.org\/{rel}","templated":true}]}}