{"id":68086,"date":"2021-05-29T18:36:44","date_gmt":"2021-05-29T16:36:44","guid":{"rendered":"https:\/\/cetr.net\/?p=68086"},"modified":"2021-06-01T10:43:14","modified_gmt":"2021-06-01T08:43:14","slug":"chelo-miro-vivir-en-la-presencia","status":"publish","type":"post","link":"https:\/\/cetr.net\/es\/chelo-miro-vivir-en-la-presencia\/","title":{"rendered":"Chelo Mir\u00f3: \u00abVivir en la presencia\u00bb"},"content":{"rendered":"<p>&nbsp;<\/p>\n<p>&nbsp;<\/p>\n<p>&nbsp;<\/p>\n<p style=\"padding-left: 80px;\"><em>M\u00e1s all\u00e1 de los hechos est\u00e1 esa presencia de ser y, con ella, lo que aparece es como una forma nueva de vida que es comprensi\u00f3n y compasi\u00f3n. No s\u00e9 muy bien c\u00f3mo explicarlo, pero es un simple estar ah\u00ed, atenta a todo porque las personas est\u00e1n tambi\u00e9n ah\u00ed, todo est\u00e1 ah\u00ed y todo est\u00e1 cerca. Nada es opaco, ni la afectividad, ni la mente, como si no quedara ning\u00fan rinc\u00f3n opaco. En ese existir todo est\u00e1 vivo, y todo est\u00e1 en su lugar, y desde ah\u00ed est\u00e1s viviendo, pero sin ninguna apropiaci\u00f3n de nada, ni de nadie.<\/em><\/p>\n<p style=\"padding-left: 80px;\"><em> Es como un soltarlo todo y simplemente vivir lo que emerge y lo que cada situaci\u00f3n presenta. Como un regalo de vida, un regalo de gracia y gratitud.<\/em><br \/>\n<em> No hay nada personal que te importe o te preocupe. Quedas totalmente\u2026, no dir\u00eda libre, sino \u00abdisponible\u00bb. Porque no es cuesti\u00f3n de libertad, sino de estar plenamente \u00abah\u00ed\u00bb, disponible.<\/em><\/p>\n<p style=\"padding-left: 80px;\"><em> La vida cotidiana es el gran tesoro de la vida y del ser, no hay otro lugar. Eso infinito te hace vivir aqu\u00ed y ahora, pero inmutable. Aqu\u00ed y ahora, pero en plenitud. Aqu\u00ed y ahora en una alegr\u00eda que lo atraviesa todo. Es una consideraci\u00f3n nueva de la vida.<\/em><\/p>\n<p style=\"padding-left: 120px;\"><em>Paradojas:<\/em><br \/>\n<em>El silencio no tiene lugar, el silencio se vive en el clamor de la gente.<\/em><br \/>\n<em>Y el afecto no tiene objeto. <\/em><br \/>\n<em>Y la vida es vida cuando lo has soltado todo.<\/em><\/p>\n<p style=\"padding-left: 40px; text-align: justify;\"><a href=\"https:\/\/cetr.net\/wp-content\/uploads\/2021\/05\/CHELO-MIRO_Viure-en-la-presencia.pdf\"><img loading=\"lazy\" decoding=\"async\" class=\"alignleft wp-image-68069 \" src=\"https:\/\/cetr.net\/wp-content\/uploads\/2021\/05\/Chelo-Miro%CC%81-portada.png\" alt=\"\" width=\"278\" height=\"397\" \/><\/a>Son palabras de Chelo Mir\u00f3, una mujer que llev\u00f3 a cabo, desde muy joven, un profundo itinerario interior, ofreciendo cada uno de sus d\u00edas al \u201cDios de la vida\u201d. Con el apoyo de la Asociaci\u00f3n DAAT, impuls\u00f3 y organiz\u00f3 los Foros de Espiritualidad de Alcoy procurando ofrecer as\u00ed, a\u00f1o tras a\u00f1o, un espacio de formaci\u00f3n, de intercambio y de silencio, abierto a todo el mundo. Pod\u00eda no haberse complicado la vida, pero se la complic\u00f3, incluso estando ya muy enferma segu\u00eda al pie del ca\u00f1\u00f3n.<\/p>\n<p style=\"text-align: justify;\">Chelo mor\u00eda en junio del 2020. Sus casi tres a\u00f1os de l\u00facida convivencia con el c\u00e1ncer fueron un regalo para quienes, de una manera u otra, pudimos compartir sus reflexiones y vivencias: m\u00e1s y m\u00e1s transparente cada d\u00eda, pura paz, pura felicidad agradecida. Algunas de esas palabras se grabaron y el texto que ofrecemos es la transcripci\u00f3n de esas grabaciones, en edici\u00f3n biling\u00fce: en su valenciano original, acompa\u00f1adas de la traducci\u00f3n castellana. Nos alegra poder difundir desde aqu\u00ed el testimonio de una experiencia vital tan valiosa.<\/p>\n<p><a href=\"https:\/\/cetr.net\/wp-content\/uploads\/2021\/05\/CHELO-MIRO_Viure-en-la-presencia.pdf\"><strong><em>descargar el documento<\/em><\/strong><\/a><\/p>\n","protected":false},"excerpt":{"rendered":"<p>En Junio de 2020 mor\u00eda Chelo Mir\u00f3, una mujer que desde muy joven hab\u00eda recorrido un profundo itinerario interior, ofreciendo cada uno de sus d\u00edas al \u201cDios de la vida\u201d. Sus casi tres a\u00f1os de l\u00facida convivencia con el c\u00e1ncer fueron un regalo para quienes, de una manera u otra, pudimos compartir sus reflexiones y vivencias. Algunas de esas palabras se grabaron y el texto que ofrecemos es la transcripci\u00f3n de esas grabaciones. Nos alegra poder difundir desde aqu\u00ed el testimonio de una experiencia vital tan valiosa.<\/p>\n","protected":false},"author":1,"featured_media":68068,"comment_status":"closed","ping_status":"closed","sticky":false,"template":"","format":"standard","meta":{"_acf_changed":false,"footnotes":""},"categories":[160,157,496,388],"tags":[],"post_series":[],"class_list":["post-68086","post","type-post","status-publish","format-standard","has-post-thumbnail","hentry","category-calidad-humana","category-entrevistas-y-retratos","category-entrevistes-i-retrats-es","category-qualitat-humana-es","entry","has-media"],"acf":[],"_links":{"self":[{"href":"https:\/\/cetr.net\/es\/wp-json\/wp\/v2\/posts\/68086","targetHints":{"allow":["GET"]}}],"collection":[{"href":"https:\/\/cetr.net\/es\/wp-json\/wp\/v2\/posts"}],"about":[{"href":"https:\/\/cetr.net\/es\/wp-json\/wp\/v2\/types\/post"}],"author":[{"embeddable":true,"href":"https:\/\/cetr.net\/es\/wp-json\/wp\/v2\/users\/1"}],"replies":[{"embeddable":true,"href":"https:\/\/cetr.net\/es\/wp-json\/wp\/v2\/comments?post=68086"}],"version-history":[{"count":3,"href":"https:\/\/cetr.net\/es\/wp-json\/wp\/v2\/posts\/68086\/revisions"}],"predecessor-version":[{"id":68097,"href":"https:\/\/cetr.net\/es\/wp-json\/wp\/v2\/posts\/68086\/revisions\/68097"}],"wp:featuredmedia":[{"embeddable":true,"href":"https:\/\/cetr.net\/es\/wp-json\/wp\/v2\/media\/68068"}],"wp:attachment":[{"href":"https:\/\/cetr.net\/es\/wp-json\/wp\/v2\/media?parent=68086"}],"wp:term":[{"taxonomy":"category","embeddable":true,"href":"https:\/\/cetr.net\/es\/wp-json\/wp\/v2\/categories?post=68086"},{"taxonomy":"post_tag","embeddable":true,"href":"https:\/\/cetr.net\/es\/wp-json\/wp\/v2\/tags?post=68086"},{"taxonomy":"post_series","embeddable":true,"href":"https:\/\/cetr.net\/es\/wp-json\/wp\/v2\/post_series?post=68086"}],"curies":[{"name":"wp","href":"https:\/\/api.w.org\/{rel}","templated":true}]}}