{"id":68301,"date":"2021-07-13T15:23:27","date_gmt":"2021-07-13T13:23:27","guid":{"rendered":"https:\/\/cetr.net\/presentacio-del-nou-llibre-de-poemes-de-maria-corbi-en-el-portal-de-lo-oscuro\/"},"modified":"2021-07-13T17:35:05","modified_gmt":"2021-07-13T15:35:05","slug":"presentacio-del-nou-llibre-de-poemes-de-maria-corbi-en-el-portal-de-lo-oscuro","status":"publish","type":"post","link":"https:\/\/cetr.net\/es\/presentacio-del-nou-llibre-de-poemes-de-maria-corbi-en-el-portal-de-lo-oscuro\/","title":{"rendered":"Presentaci\u00f3n del nuevo libro de poemas de Mari\u00e0 Corb\u00ed: EN EL PORTAL DE LO OSCURO"},"content":{"rendered":"<div class=\"v1gmail_default\">En el portal de lo oscuro<\/div>\n<div class=\"v1gmail_default\">\n<ul>\n<li><span class=\"v1gmail-titleitem\">N\u00b0 de p\u00e1ginas:<\/span>\u00a0164<\/li>\n<li>ISBN Libro en papel:\u00a0978-84-685-5939-1ISBN<\/li>\n<\/ul>\n<\/div>\n<div class=\"v1gmail_default\">Descarga gratuita o compra on-line: <a href=\"https:\/\/www.bubok.es\/libros\/268891\/En-el-portal-de-lo-oscuro\">https:\/\/www.bubok.es\/libros\/268891\/En-el-portal-de-lo-oscuro<\/a><\/div>\n<div class=\"v1gmail_default\">Preu 5,64<\/div>\n<div><\/div>\n<p>Escribe Corb\u00ed en la Introducci\u00f3n de este libro de poemas:<\/p>\n<p>\u201cLos humanos somos animales, con todos los rasgos propios de los animales. Nuestra diferencia espec\u00edfica es nuestra competencia ling\u00fc\u00edstica.<\/p>\n<p>Como todas las restantes especies animales, modelamos la inmensidad del mundo que nos rodea a la medida de nuestro cerebro, de nuestros sensores, de nuestra capacidad de actuaci\u00f3n en el medio para satisfacer nuestras necesidades.<\/p>\n<p>La estructura de la lengua crea una gran modificaci\u00f3n en nuestra relaci\u00f3n con el medio, nos da acceso a una doble dimensi\u00f3n de lo que nos rodea y a nosotros mismos: un acceso relativo a nuestras necesidades, que nosotros mismos modelamos, y un acceso no relativo a esas necesidades, que est\u00e1 libre de nuestras modelaciones.<\/p>\n<p>Este doble acceso es la raz\u00f3n de nuestra flexibilidad cultural y de nuestra ventaja competitiva como vivientes.<\/p>\n<p>Para los restantes animales el mundo modelado por ellos mismos es obvio. No pueden formularse la inquietante pregunta \u00bfqu\u00e9 es todo esto? Viven tranquilos en las capsulas que ellos mismos crearon.<\/p>\n<p>Los humanos, por la noticia que tenemos de la dimensi\u00f3n absoluta de esta inmensidad en la que viajamos, nos surge inevitablemente la pregunta: \u00bfQu\u00e9 es todo esto? \u00bfQu\u00e9 hago yo en esta inmensidad? Y \u00bf qui\u00e9n soy yo?<\/p>\n<p>A lo largo de la vida, esta inquietante pregunta surge una y otra vez. El paso de los a\u00f1os la hace m\u00e1s honda y m\u00e1s urgente. Cuando se ve cerca la muerte, la gran pregunta sin respuesta se convierte en el centro de la vida, si tienes el valor de no esquivarla.<\/p>\n<p>\u00bfQu\u00e9 es todo esto? \u00bfQu\u00e9 hago yo en estas inmensidades? \u00bfQui\u00e9n soy?<\/p>\n<p>Esta peque\u00f1a colecci\u00f3n de humildes poes\u00edas recoge esa preocupaci\u00f3n, que es m\u00e1s una ocupaci\u00f3n, que resuena constante en mi vida de anciano.\u201d<\/p>\n","protected":false},"excerpt":{"rendered":"<p>\u201cLos humanos somos animales, con todos los rasgos propios de los animales. Nuestra diferencia espec\u00edfica es nuestra competencia ling\u00fc\u00edstica.<br \/>\nComo todas las restantes especies animales, modelamos la inmensidad del mundo que nos rodea a la medida de nuestro cerebro, de nuestros sensores, de nuestra capacidad de actuaci\u00f3n en el medio para satisfacer nuestras necesidades.<br \/>\nLa estructura de la lengua crea una gran modificaci\u00f3n en nuestra relaci\u00f3n con el medio, nos da acceso a una doble dimensi\u00f3n de lo que nos rodea y a nosotros mismos: un acceso relativo a nuestras necesidades, que nosotros mismos modelamos, y un acceso no relativo a esas necesidades, que est\u00e1 libre de nuestras modelaciones.<\/p>\n","protected":false},"author":1,"featured_media":68297,"comment_status":"closed","ping_status":"closed","sticky":false,"template":"","format":"standard","meta":{"_acf_changed":false,"footnotes":""},"categories":[456,145,355,444,445,233,332,446,149],"tags":[],"post_series":[],"class_list":["post-68301","post","type-post","status-publish","format-standard","has-post-thumbnail","hentry","category-articles-es","category-articulos","category-autores","category-autors-es","category-els-nostres-llibres-es","category-home-es","category-maria-corbi-es","category-maria-corbi-es-2","category-nuestros-libros","entry","has-media"],"acf":[],"_links":{"self":[{"href":"https:\/\/cetr.net\/es\/wp-json\/wp\/v2\/posts\/68301","targetHints":{"allow":["GET"]}}],"collection":[{"href":"https:\/\/cetr.net\/es\/wp-json\/wp\/v2\/posts"}],"about":[{"href":"https:\/\/cetr.net\/es\/wp-json\/wp\/v2\/types\/post"}],"author":[{"embeddable":true,"href":"https:\/\/cetr.net\/es\/wp-json\/wp\/v2\/users\/1"}],"replies":[{"embeddable":true,"href":"https:\/\/cetr.net\/es\/wp-json\/wp\/v2\/comments?post=68301"}],"version-history":[{"count":5,"href":"https:\/\/cetr.net\/es\/wp-json\/wp\/v2\/posts\/68301\/revisions"}],"predecessor-version":[{"id":68309,"href":"https:\/\/cetr.net\/es\/wp-json\/wp\/v2\/posts\/68301\/revisions\/68309"}],"wp:featuredmedia":[{"embeddable":true,"href":"https:\/\/cetr.net\/es\/wp-json\/wp\/v2\/media\/68297"}],"wp:attachment":[{"href":"https:\/\/cetr.net\/es\/wp-json\/wp\/v2\/media?parent=68301"}],"wp:term":[{"taxonomy":"category","embeddable":true,"href":"https:\/\/cetr.net\/es\/wp-json\/wp\/v2\/categories?post=68301"},{"taxonomy":"post_tag","embeddable":true,"href":"https:\/\/cetr.net\/es\/wp-json\/wp\/v2\/tags?post=68301"},{"taxonomy":"post_series","embeddable":true,"href":"https:\/\/cetr.net\/es\/wp-json\/wp\/v2\/post_series?post=68301"}],"curies":[{"name":"wp","href":"https:\/\/api.w.org\/{rel}","templated":true}]}}