{"id":69044,"date":"2022-01-14T11:38:07","date_gmt":"2022-01-14T10:38:07","guid":{"rendered":"https:\/\/cetr.net\/la-extrana-condicion-humana-2\/"},"modified":"2022-01-14T16:37:03","modified_gmt":"2022-01-14T15:37:03","slug":"la-extrana-condicion-humana-2","status":"publish","type":"post","link":"https:\/\/cetr.net\/es\/la-extrana-condicion-humana-2\/","title":{"rendered":"La extra\u00f1a condici\u00f3n humana"},"content":{"rendered":"<p>&nbsp;<\/p>\n<p><em>Introducci\u00f3n al libro de Mari\u00e0 Corb\u00ed \u00ab<a href=\"https:\/\/www.bubok.es\/buscar\/El-sentir-hondo-de-la-vida.-Principios-de-Epistemolog%C3%ADa-axiol%C3%B3gica-7?s=El-sentir-hondo-de-la-vida.-Principios-de-Epistemolog%C3%ADa-axiol%C3%B3gica-7\">El sentir hondo de la vida. Principios de Epistemolog\u00eda axiol\u00f3gica 7<\/a>\u00bb\u00a0 Madrid: Ed. Bubok. 2021<\/em><\/p>\n<p>&nbsp;<\/p>\n<p style=\"padding-left: 40px;\">Somos vivientes necesitados, como los dem\u00e1s animales nuestros hermanos, sin ninguna entidad a\u00f1adida a esa condici\u00f3n.<br \/>\nCon estructuras y v\u00edsceras como ellos, con etapas de la vida como ellos.<br \/>\nLo que condiciona nuestra existencia es b\u00e1sicamente lo mismo que a los restantes animales.<br \/>\nD\u00eda a d\u00eda vivimos nuestra humilde condici\u00f3n animal.<br \/>\nPero tenemos algo que nos diferencia de las restantes especies: nuestra condici\u00f3n de animales constituidos, como animales, por el habla.<br \/>\nAunque el habla no nos rescata de nuestra condici\u00f3n animal.<br \/>\nEst\u00e1 tan al servicio de la sobrevivencia, como el rugido de los leones.<br \/>\nHemos de comprender a fondo lo que somos, animales terrestres. Nada m\u00e1s.<br \/>\nSomos habitantes de un peque\u00f1o planeta, que gira en torno a un sol de barriada de nuestra gran galaxia, una galaxia de los trillones de galaxias que existen.<br \/>\nAnimal fr\u00e1gil construido por la vida para vivir en la tierra, finito, perecedero, insignificante en la inmensidad de los mundos.<\/p>\n<p>El habla animal tuvo un efecto inesperado, que cambi\u00f3 nuestro destino:<\/p>\n<p style=\"padding-left: 40px;\">Nos dio acceso a una dimensi\u00f3n absoluta de la realidad (DA) de los mundos inmensos, adem\u00e1s de la dimensi\u00f3n de esa misma inmensidad modelada a la medida de nuestras necesidades, como los restantes animales<a href=\"#_ftn1\" name=\"_ftnref1\">[1]<\/a>.<\/p>\n<p>Ese es el gran salto de nuestra estirpe, sin dejar de ser una especie animal.<br \/>\nLa dimensi\u00f3n absoluta (DA) de la realidad nos lleva a comprender que lo que realmente hay no es nuestra modelaci\u00f3n, sino el misterio en los mundos anterior a nuestra modelaci\u00f3n y soporte de nuestra modelaci\u00f3n.<br \/>\nEsta doble dimensi\u00f3n de nuestro sentir: el que funciona como sistema de se\u00f1ales para nuestra sobrevivencia de animales necesitados, y el que tiene noticia del misterio de los mundos es un invento biol\u00f3gico ordenado a nuestra flexibilidad con relaci\u00f3n a las respuestas a las variaciones del medio. Tenemos acceso a la DA no modelada, desde la que hacer pie para el cambio de modelaci\u00f3n del medio, cuando sea necesario o conveniente.<br \/>\nY eso es lo que nosotros somos: pobres animales cargados con la noticia de la dimensi\u00f3n absoluta de todo lo existente y de nosotros mismos. Noticia cierta, indudable en lo hondo de nuestro sentir animal.<\/p>\n<p style=\"padding-left: 40px;\">Gracias a esa noticia comprendemos, por fin, que no somos nadie venido a este mundo sino formas breves del misterio de los mundos.<br \/>\nCon esta noticia comprendemos, tambi\u00e9n, que nuestra mente y nuestro sentir son la mente y el sentir de la inmensidad de los mundos sobre s\u00ed mismos.<br \/>\nEl resultado de nuestra condici\u00f3n es que un fr\u00e1gil y perecedero animal terrestre se convierta en la lucidez y el coraz\u00f3n de los mundos inmensos.<br \/>\nFr\u00e1gil animal que, por su condici\u00f3n ling\u00fc\u00edstica, se convierte en el sentir y la luz de los mundos sobre s\u00ed mismos.<br \/>\nEl animal humano no es una individualidad venida a este mundo, no es \u00abotro\u00bb del misterio de los mundos. En su sentir hondo es el coraz\u00f3n y la lucidez de los mundos sobre s\u00ed mismos.<br \/>\nNoticia y sentir ciertos, pero con una certeza oscura y vac\u00eda de posibles categorizaciones.<\/p>\n<p>Por sus errores, el animal humano se ha convertido en un c\u00e1ncer para la tierra y para quienes la habitan. Es el coraz\u00f3n y la luz de los mundos, pero lo ignora crey\u00e9ndose alguien venido a este mundo para dominarlo y usarlo sin restricciones.<br \/>\nLas inmensidades se sienten y se reconocen en el sentir hondo y en la mente de un animal terrestre.<br \/>\n\u00a1Qu\u00e9 extra\u00f1a es la condici\u00f3n del animal terrestre humano!<br \/>\n\u00a1Qu\u00e9 infinitas posibilidades abre el habla a los animales terrestres humanos!<\/p>\n<p style=\"padding-left: 40px;\">Este libro tiene una estructura especial: es una colecci\u00f3n de reflexiones sobre la sociedad de conocimiento (SC) y sus consecuencias en todos los \u00e1mbitos de la vida de los individuos y de los colectivos. Todas las dimensiones humanas quedan afectadas y transformadas por esta sociedad.<br \/>\nEn esta obra recojo reflexiones que he ido haciendo para comprender lo m\u00e1s adecuadamente posible, la naturaleza de las sociedades de conocimiento (SC).<br \/>\nHe ido desgranando conceptos y concepciones que deber\u00e1n transformarse en las SC, sobre todo las que tienen que ver con nuestra condici\u00f3n de vivientes necesitados sin a\u00f1adidos fundamentados en creencias o supuestos filos\u00f3fico intocables, y con la estructura de las nuevas organizaciones para que sean aptas para la innovaci\u00f3n y cambio continuo y acelerado. He vuelto una y otra vez sobre lo que entendemos por dimensi\u00f3n absoluta de la realidad, (DA), el modo que tenemos de vivirla, su comportamiento respecto a nuestra interpretaci\u00f3n y valoraci\u00f3n relativa a nuestras necesidades. He reflexionado de nuevo sobre todo lo referente al cultivo de la dimensi\u00f3n absoluta de todo lo real y de nosotros mismos, el cultivo de la espiritualidad de nuestros mayores.<br \/>\nHe procurado reunir estas reflexiones por temas, aunque estas agrupaciones no pueden ocultar que cada uno de los temas los he ido pensando independientemente. No puedo ocultar, ni quiero, que, en ocasiones, es una vuelta de nuevo a viejas reflexiones que, volviendo una y otra vez sobre ellas, van madur\u00e1ndose y profundiz\u00e1ndose.<br \/>\nCon este volumen, ya ser\u00e1n siete los dedicados a concebir la SC su l\u00f3gica interna y las modificaciones que va introduciendo en todos los campos de la vida humana.<br \/>\nCon estos a\u00f1os de reflexiones pretendo conjuntar coherentemente una visi\u00f3n, lo m\u00e1s completa y reflexionada posible, de la gran transformaci\u00f3n que estamos sufriendo cada vez con mayor aceleraci\u00f3n:<\/p>\n<p style=\"padding-left: 80px;\">-de sociedades basadas en la sumisi\u00f3n y la coerci\u00f3n,<br \/>\n-a sociedades basadas en la innovaci\u00f3n y creaci\u00f3n continuada y en la voluntariedad;<\/p>\n<p style=\"padding-left: 80px;\">-de sociedades que se proclamaban religiosas,<br \/>\n-a sociedades que deber\u00e1n cultivar su dimensi\u00f3n de profundidad, la DA, sin creencias, sin religiones ni dioses.<\/p>\n<p style=\"padding-left: 40px;\">Se trata de una grand\u00edsima transformaci\u00f3n que hay que ir asimilando paso a paso, pero con la mayor celeridad posible, porque el crecimiento exponencial de las tecnociencias y sus consecuencias para la vida humana no esperar\u00e1 nuestra lentitud y nuestras indecisiones e intentos de vuelta atr\u00e1s.<\/p>\n<p>Mientras revisaba este libro, he empezado a estudiar los informes de Jap\u00f3n sobre la sociedad 5.0<a href=\"#_ftn2\" name=\"_ftnref2\">[2]<\/a>. Ha sido una grata sorpresa, porque es una confirmaci\u00f3n de que nuestras teor\u00edas no se mov\u00edan en el vac\u00edo de una pura especulaci\u00f3n.<\/p>\n<p>Hemos sostenido que las SC en el crecimiento continuo y acelerado de las TC no pod\u00edan continuar con el proyecto individualista y de explotaci\u00f3n de la naturaleza y de los grupos humanos, porque terminar\u00edamos, en un corto espacio de tiempo, en un da\u00f1o grave e irreversible del medio, en el mayor exterminio de especies vivientes, en la inhabitabilidad del planeta, y en una polarizaci\u00f3n insostenible entre ricos y pobres.<\/p>\n<p>Hemos sostenido que la utilizaci\u00f3n de las TC y sus consecuencias en nuevos productos y servicios en crecimiento continuo exponencial, deb\u00eda transformarse de la explotaci\u00f3n para el beneficio econ\u00f3mico a corto plazo de unos pocos, a costa de los males que hemos enumerado, a revertir en beneficio de la calidad de vida del planeta y de todos los que lo habitan.<\/p>\n<p>Los informes del Jap\u00f3n de la sociedad 5.0 coinciden con lo postulado por nosotros. Sin embargo, hay algunas diferencias. El Jap\u00f3n ha de hacer su proyecto en un contexto capitalista de explotaci\u00f3n. No puede alejarse totalmente de la sociedad internacional; por ello tiene que hacer concesiones al planteo capitalista: basarse en el individualismo y no alejarse de lo m\u00e1s esencial del capitalismo que son las empresas que buscan su beneficio.<\/p>\n<p>Jap\u00f3n no ha podido ser totalmente coherente con su propuesta, se ha tenido que quedar a medio camino en muchos asuntos.<\/p>\n<p>El otro punto de divergencia es la atenci\u00f3n solo impl\u00edcita a la CH, imprescindible para la posibilidad de funcionamiento de las SC, y la completa ausencia de la consideraci\u00f3n del papel que deber\u00eda jugar la CHP en el funcionamiento universal de las SC.<\/p>\n<p>Por \u00faltimo, tambi\u00e9n echamos en falta el estudio del equipo de saberes en interdependencia, la consideraci\u00f3n de que las SC, con tal complejidad de ciencias y tecnolog\u00edas en crecimiento exponencial, no puede ser concebida adecuadamente partiendo del individuo, sino que tendr\u00e1 que partir de los equipos y equipos de equipos.<\/p>\n<p>A pesar de estas diferencias, es una alegr\u00eda poder conocer y estudiar estos informes de los proyectos de Jap\u00f3n. Son una confirmaci\u00f3n a nuestros planteos y una gran esperanza.<\/p>\n<p><a href=\"#_ftn1\" name=\"_ftnref1\">[1]<\/a> Este es el invento capital del habla: transferir el significado de las cosas al soporte ac\u00fastico. La palabra ser\u00e1 la uni\u00f3n del significado y el significante ac\u00fastico, refiri\u00e9ndose a las cosas.<br \/>\nAs\u00ed se produce la distancia entre la interpretaci\u00f3n\/valoraci\u00f3n de la cosa, que ahora reside en la forma ac\u00fastica, y la cosa misma. As\u00ed los humanos tenemos un doble acceso al medio y a nosotros mismos.<br \/>\nEl primero es el acceso al significado que tiene para nosotros, que es la interpretaci\u00f3n\/valoraci\u00f3n de las cosas en relaci\u00f3n a nosotros como vivientes necesitados, y el segundo es el acceso a las cosas mismas, independiente de su significado para el viviente necesitado que somos.<br \/>\nPor esta v\u00eda, las cosas tienen m\u00e1s dimensiones que el significado que les atribuimos y, por tanto, no se identifican con ese significado.<br \/>\nTomado de nuestro libro La construcci\u00f3n de los proyectos axiol\u00f3gicos colectivos. Principios de epistemolog\u00eda axiol\u00f3gica. Madrid. Bubok.2013 pg. 23-24. <a href=\"https:\/\/www.bubok.es\/libros\/222613\/La-construccion-de-los-proyectos-axiologicos-colectivos-Principios-de-epistemologia-Axiologica\">https:\/\/www.bubok.es\/libros\/222613\/La-construccion-de-los-proyectos-axiologicos-colectivos-Principios-de-epistemologia-Axiologica<\/a><\/p>\n<p><a href=\"#_ftnref2\" name=\"_ftn2\">[2]<\/a> <em>Governance Innovation. Redesigning Law and Architecture for Society 5.0.<\/em> 13.07.2020. En: <a href=\"https:\/\/www.meti.go.jp\/english\/press\/2020\/0713_001.html\">https:\/\/www.meti.go.jp\/english\/press\/2020\/0713_001.html<\/a><\/p>\n<p><em>Governance Innovation (ver.2) A Guide to Designing and Implementing Agile Governance.<\/em> 30.07.2021 En: <a href=\"https:\/\/www.meti.go.jp\/english\/press\/2021\/0730_001.html\">https:\/\/www.meti.go.jp\/english\/press\/2021\/0730_001.html<\/a><\/p>\n<p>&nbsp;<\/p>\n","protected":false},"excerpt":{"rendered":"<p><span class=\"autor\">Mari\u00e0 Corb\u00ed<\/span> Somos vivientes necesitados, como los dem\u00e1s animales nuestros hermanos, sin ninguna entidad a\u00f1adida a esa condici\u00f3n. Con estructuras y v\u00edsceras como ellos, con etapas de la vida como ellos. Lo que condiciona nuestra existencia es b\u00e1sicamente lo mismo que en el resto de animales. D\u00eda a d\u00eda vivimos nuestra humilde condici\u00f3n animal. Pero tenemos algo que nos diferencia de las dem\u00e1s especies: nuestra condici\u00f3n de animales constituidos, como animales, por el habla. El habla animal tuvo un efecto inesperado, que cambi\u00f3 nuestro destino: Nos dio acceso a una dimensi\u00f3n absoluta de la realidad (DA) de los mundos inmensos, adem\u00e1s de la dimensi\u00f3n de esa misma inmensidad moldeada a la medida de las necesidades, como el resto de animales.<\/p>\n","protected":false},"author":1,"featured_media":69018,"comment_status":"closed","ping_status":"closed","sticky":false,"template":"","format":"standard","meta":{"_acf_changed":false,"footnotes":""},"categories":[456,145,160,233,388],"tags":[],"post_series":[],"class_list":["post-69044","post","type-post","status-publish","format-standard","has-post-thumbnail","hentry","category-articles-es","category-articulos","category-calidad-humana","category-home-es","category-qualitat-humana-es","entry","has-media"],"acf":[],"_links":{"self":[{"href":"https:\/\/cetr.net\/es\/wp-json\/wp\/v2\/posts\/69044","targetHints":{"allow":["GET"]}}],"collection":[{"href":"https:\/\/cetr.net\/es\/wp-json\/wp\/v2\/posts"}],"about":[{"href":"https:\/\/cetr.net\/es\/wp-json\/wp\/v2\/types\/post"}],"author":[{"embeddable":true,"href":"https:\/\/cetr.net\/es\/wp-json\/wp\/v2\/users\/1"}],"replies":[{"embeddable":true,"href":"https:\/\/cetr.net\/es\/wp-json\/wp\/v2\/comments?post=69044"}],"version-history":[{"count":5,"href":"https:\/\/cetr.net\/es\/wp-json\/wp\/v2\/posts\/69044\/revisions"}],"predecessor-version":[{"id":69050,"href":"https:\/\/cetr.net\/es\/wp-json\/wp\/v2\/posts\/69044\/revisions\/69050"}],"wp:featuredmedia":[{"embeddable":true,"href":"https:\/\/cetr.net\/es\/wp-json\/wp\/v2\/media\/69018"}],"wp:attachment":[{"href":"https:\/\/cetr.net\/es\/wp-json\/wp\/v2\/media?parent=69044"}],"wp:term":[{"taxonomy":"category","embeddable":true,"href":"https:\/\/cetr.net\/es\/wp-json\/wp\/v2\/categories?post=69044"},{"taxonomy":"post_tag","embeddable":true,"href":"https:\/\/cetr.net\/es\/wp-json\/wp\/v2\/tags?post=69044"},{"taxonomy":"post_series","embeddable":true,"href":"https:\/\/cetr.net\/es\/wp-json\/wp\/v2\/post_series?post=69044"}],"curies":[{"name":"wp","href":"https:\/\/api.w.org\/{rel}","templated":true}]}}