{"id":69395,"date":"2022-04-28T17:25:11","date_gmt":"2022-04-28T15:25:11","guid":{"rendered":"https:\/\/cetr.net\/?p=69395"},"modified":"2022-04-28T17:25:11","modified_gmt":"2022-04-28T15:25:11","slug":"nuestra-condicion-animal-y-el-tiempo-espacio","status":"publish","type":"post","link":"https:\/\/cetr.net\/es\/nuestra-condicion-animal-y-el-tiempo-espacio\/","title":{"rendered":"Nuestra condici\u00f3n animal y el tiempo-espacio."},"content":{"rendered":"<p>Intentamos reflexionar sobre todas las consecuencias de nuestra condici\u00f3n de animales necesitados, de depredadores.<\/p>\n<p>\u00bfCu\u00e1l es la relaci\u00f3n entre nuestra condici\u00f3n animal y la aparici\u00f3n del tiempo-espacio?<\/p>\n<p>Los animales necesitados, para poder satisfacer nuestras necesidades hemos de modelar toda realidad en el tiempo-espacio. Concebirse como animal viviente supone que me concibo como una individualidad frente a un mundo de individualidades en el que he de satisfacer mis necesidades. Tener que suponerme como un individuo frente a un mundo exige que conciba esa realidad como una contraposici\u00f3n en dualidad. Tengo que suponer dos espacios diferentes, yo no me confundo con aquello que necesito y que he de conseguir. Para esta operaci\u00f3n tengo que pensarme como desplaz\u00e1ndome en un espacio y en un tiempo. Por consiguiente, para poder realizar mi depredaci\u00f3n, he de desplegar un tiempo-espacio. Tengo que darlos ah\u00ed como existentes, de lo contrario no ser\u00eda posible mi sobrevivencia.<\/p>\n<p>Nada puede contradecir esa interpretaci\u00f3n imprescindible. Preciso extender ese tiempo-espacio a todos los seres. Extiendo un espacio y un tiempo donde me sit\u00fao a m\u00ed y a todos los seres que me rodean.<\/p>\n<p>Las estaciones de la naturaleza son una sucesi\u00f3n que extienden un tiempo en un espacio. Igualmente, el movimiento de sol y la luna y de todos los astros extienden un inmenso tiempo-espacio.<\/p>\n<p>Toda la vida humana es como un corto tramo de tiempo en un espacio.<\/p>\n<p>Para poder sobrevivir, medimos esas sucesiones y damos las mediciones como algo real, como algo ah\u00ed, fuera de m\u00ed. Sin embargo, por las consideraciones que hemos hecho, el tiempo y el espacio son proyecci\u00f3n necesaria de nuestra condici\u00f3n de necesitados; el tiempo no es una entidad real, ni el espacio tampoco. Modelamos nuestra realidad como situada en el espacio-tiempo y eso nos da pie a leer los procesos de la naturaleza y de los astros como situada tambi\u00e9n en el espacio-tiempo.<\/p>\n<p>\u00bfInterpretar\u00edamos los procesos de la naturaleza y los procesos de los astros como situados en un espacio-tiempo si no necesit\u00e1ramos proyectar esas dimensiones para sobrevivir como animales necesitados?<\/p>\n<p>Podr\u00edamos hablar del espacio y el tiempo como supuestos a priori de la sensibilidad, aproxim\u00e1ndonos al lenguaje kantiano.<\/p>\n<p>La flecha del tiempo, el hecho de que el tiempo siempre vaya hacia delante, sin posible marcha atr\u00e1s, podr\u00eda tambi\u00e9n ser expresi\u00f3n de nuestro hecho fundamental, ser seres necesitados. Tenemos que concebir nuestra actuaci\u00f3n como una causa cuyo efecto es la sobrevivencia. La marcha de la sobrevivencia va siempre hacia delante, no puede invertir la marcha e ir hacia atr\u00e1s; desde adultos no podemos volver a nuestra infancia.<\/p>\n<p>Las metalenguas cient\u00edficas, como las matem\u00e1ticas, la astronom\u00eda, pueden hacer muchas afirmaciones sobre el tiempo-espacio gracias a esas ciencias que, sin embargo, son modelaci\u00f3n. No se puede llegar a esas afirmaciones sino desde sus metodolog\u00edas, como que el tiempo-espacio puede deformarse por la fuerza de la gravedad.<\/p>\n<p>Desde nuestra dimensi\u00f3n absoluta de humanos, que es nuestra verdadera realidad, no hay ni espacio ni tiempo con relaci\u00f3n a ning\u00fan ser, todos somos el misterio de los mundos, sin diversidad, ni dualidad, ni pluralidad ninguna. Todos somos perfecta unidad, sin individualidad, pero en diversidad.<\/p>\n","protected":false},"excerpt":{"rendered":"<p><span class=\"autor\">Mari\u00e0 Corb\u00ed<\/span>Intentamos reflexionar sobre todas las consecuencias de nuestra condici\u00f3n de animales necesitados, de depredadores. \u00bfCu\u00e1l es la relaci\u00f3n entre nuestra condici\u00f3n animal y la aparici\u00f3n del tiempo-espacio? Los animales necesitados, para poder satisfacer nuestras necesidades hemos de modelar toda realidad en el tiempo-espacio. Concebirse como animal viviente supone que me concibo como una individualidad frente a un mundo de individualidades en el que he de satisfacer mis necesidades. Tener que suponerme como un individuo frente a un mundo exige que conciba esa realidad como una contraposici\u00f3n en dualidad. Tengo que suponer dos espacios diferentes, yo no me confundo con aquello que necesito y que he de conseguir. Para esta operaci\u00f3n tengo que pensarme como desplaz\u00e1ndome en un espacio y en un tiempo. Por consiguiente, para poder realizar mi depredaci\u00f3n, he de desplegar un tiempo-espacio. Tengo que darlos ah\u00ed como existentes, de lo contrario no ser\u00eda posible mi sobrevivencia.<\/p>\n","protected":false},"author":1,"featured_media":69396,"comment_status":"closed","ping_status":"closed","sticky":false,"template":"","format":"standard","meta":{"_acf_changed":false,"footnotes":""},"categories":[145,233,158],"tags":[],"post_series":[],"class_list":["post-69395","post","type-post","status-publish","format-standard","has-post-thumbnail","hentry","category-articulos","category-home-es","category-la-sabiduria-en","entry","has-media"],"acf":[],"_links":{"self":[{"href":"https:\/\/cetr.net\/es\/wp-json\/wp\/v2\/posts\/69395","targetHints":{"allow":["GET"]}}],"collection":[{"href":"https:\/\/cetr.net\/es\/wp-json\/wp\/v2\/posts"}],"about":[{"href":"https:\/\/cetr.net\/es\/wp-json\/wp\/v2\/types\/post"}],"author":[{"embeddable":true,"href":"https:\/\/cetr.net\/es\/wp-json\/wp\/v2\/users\/1"}],"replies":[{"embeddable":true,"href":"https:\/\/cetr.net\/es\/wp-json\/wp\/v2\/comments?post=69395"}],"version-history":[{"count":1,"href":"https:\/\/cetr.net\/es\/wp-json\/wp\/v2\/posts\/69395\/revisions"}],"predecessor-version":[{"id":69399,"href":"https:\/\/cetr.net\/es\/wp-json\/wp\/v2\/posts\/69395\/revisions\/69399"}],"wp:featuredmedia":[{"embeddable":true,"href":"https:\/\/cetr.net\/es\/wp-json\/wp\/v2\/media\/69396"}],"wp:attachment":[{"href":"https:\/\/cetr.net\/es\/wp-json\/wp\/v2\/media?parent=69395"}],"wp:term":[{"taxonomy":"category","embeddable":true,"href":"https:\/\/cetr.net\/es\/wp-json\/wp\/v2\/categories?post=69395"},{"taxonomy":"post_tag","embeddable":true,"href":"https:\/\/cetr.net\/es\/wp-json\/wp\/v2\/tags?post=69395"},{"taxonomy":"post_series","embeddable":true,"href":"https:\/\/cetr.net\/es\/wp-json\/wp\/v2\/post_series?post=69395"}],"curies":[{"name":"wp","href":"https:\/\/api.w.org\/{rel}","templated":true}]}}