{"id":69958,"date":"2022-10-03T11:54:23","date_gmt":"2022-10-03T09:54:23","guid":{"rendered":"https:\/\/cetr.net\/?p=69958"},"modified":"2022-10-03T11:59:02","modified_gmt":"2022-10-03T09:59:02","slug":"poemas-enjaulados","status":"publish","type":"post","link":"https:\/\/cetr.net\/es\/poemas-enjaulados\/","title":{"rendered":"Poemas enjaulados"},"content":{"rendered":"<p style=\"text-align: justify;\">Una peque\u00f1a selecci\u00f3n del poemario que, bajo este t\u00edtulo publica, Pre-Textos (2020).\u00a0Mahvash S\u00e1bet los escribi\u00f3 desde la c\u00e1rcel. Nacida en Ir\u00e1n (1953), estudi\u00f3 pedagog\u00eda y psicolog\u00eda. Fue profesora y directora de un instituto del que fue despedida por el gobierno por ser miembro de la comunidad bah\u00e1\u2019\u00ed. Fue detenida en 2008 por el mismo motivo y sentenciada a veinte a\u00f1os de c\u00e1rcel. En 2018 fue puesta en libertad.<\/p>\n<p>&nbsp;<\/p>\n<p><span style=\"color: #991818;\"><strong><em>Gorri\u00f3n<\/em><\/strong><\/span><\/p>\n<p style=\"padding-left: 40px;\">Hoy,<br \/>\nal pasar por el patio de la c\u00e1rcel<br \/>\nme encontr\u00e9 a un gorri\u00f3n.<br \/>\nPicoteaba un trozo de pan bien congelado,<br \/>\nuna migaja fr\u00eda, en la nieve.<br \/>\n\u00abT\u00fa y yo somos los dos prisioneros hambrientos\u00bb, le dije.<br \/>\nY as\u00ed, en aquel instante, abandono\u00f3 la miga y se alej\u00f3 volando.<br \/>\nAnte eso pens\u00e9:<br \/>\n\u00ab\u00bfAcaso eres t\u00fa menos que este pobre gorri\u00f3n?<br \/>\nDime, \u00bfpor qu\u00e9 no sueltas el pan igual que el p\u00e1jaro?<br \/>\nDeja esa miga y vuela<br \/>\naunque te roa el hambre\u00bb.\u00a0\u00a0\u00a0\u00a0\u00a0\u00a0\u00a0 (p. 53)<\/p>\n<p>&nbsp;<\/p>\n<p><span style=\"color: #991818;\"><strong><em>Alguien debe<\/em><\/strong><\/span><\/p>\n<p style=\"padding-left: 40px;\">Alguien debe de haber que desee esta vida,<br \/>\nalguien debe de haber que la comprenda,<br \/>\nalguien debe intentar explicar qu\u00e9 sentido<br \/>\ntiene vivir as\u00ed, tan sin sentido,<br \/>\nalguien debe poder esclarecer<br \/>\ntoda esta oscuridad interminable,<br \/>\nalguien debe mostrar el sentimiento<br \/>\nde la angustia y la pena<br \/>\nde estas gentes perdidas.<br \/>\nAlguien debe de haber que desee esta vida.<br \/>\nAlguien debe de haber que la comprenda. \u00a0\u00a0\u00a0\u00a0\u00a0\u00a0(p. 77)<\/p>\n<p><a href=\"https:\/\/cetr.net\/wp-content\/uploads\/2022\/10\/M-Sabet_Poemas-enjaulados.png\"><img loading=\"lazy\" decoding=\"async\" class=\"wp-image-69945 alignleft\" src=\"https:\/\/cetr.net\/wp-content\/uploads\/2022\/10\/M-Sabet_Poemas-enjaulados.png\" alt=\"\" width=\"263\" height=\"367\" srcset=\"https:\/\/cetr.net\/wp-content\/uploads\/2022\/10\/M-Sabet_Poemas-enjaulados.png 573w, https:\/\/cetr.net\/wp-content\/uploads\/2022\/10\/M-Sabet_Poemas-enjaulados-215x300.png 215w\" sizes=\"auto, (max-width: 263px) 100vw, 263px\" \/><\/a><\/p>\n<p>&nbsp;<\/p>\n<p><span style=\"color: #991818;\"><strong><em>El sol<\/em><\/strong><\/span><\/p>\n<p>Me apoyo en mi sombra<br \/>\ny es al sol al que debo estar de pie:<br \/>\n\u00a1Sol m\u00edo! \u00bfA d\u00f3nde vas?<br \/>\n\u00a1Qu\u00e9date, qu\u00e9date!<\/p>\n<p>De estas pesadumbres hacinadas<br \/>\nen este sufrimiento,<br \/>\ns\u00f3lo te tengo a ti como refugio:<br \/>\n\u00a1Sol m\u00edo! \u00bfa d\u00f3nde vas?<br \/>\n\u00a1Qu\u00e9date, qu\u00e9date!\u00a0\u00a0\u00a0\u00a0\u00a0\u00a0 (p. 157)<\/p>\n<p>&nbsp;<\/p>\n<p>&nbsp;<\/p>\n<p><span style=\"color: #991818;\"><strong><em>El amor a la tierra<\/em><\/strong><\/span><\/p>\n<p style=\"padding-left: 40px;\">T\u00fa que eres consciente de la ley<br \/>\nde la gravedad<br \/>\nque llamas a la semilla a contemplar la tierra,<br \/>\n\u00bfno ves cu\u00e1n noble es la forma en que \u00e9sta<br \/>\nespera a las ra\u00edces,<br \/>\nla forma cari\u00f1osa en que ama<br \/>\na las semillas<br \/>\ny cu\u00e1n ignorante es mi pisada,<br \/>\ntan ignorante hasta de la pureza<br \/>\nde esta tierra tan vasta y tan verde?<br \/>\nYo soy consciente<br \/>\nde esta mi nimiedad ante la tierra.<br \/>\n\u00bfD\u00f3nde estar\u00e1 en mi generosidad<br \/>\ninmaculada y noble?<br \/>\nLl\u00e9vame a lo m\u00e1s hondo de las aguas<br \/>\n-\u00a1tan fr\u00edas y arrogantes!-,<br \/>\nh\u00fandeme en la corriente<br \/>\ny ahoga esta alga.<\/p>\n<p style=\"padding-left: 40px;\">Ll\u00e9vame a lo m\u00e1s hondo<br \/>\nsiendo como yo soy consciente<br \/>\nde esta mi peque\u00f1ez ante la tierra.\u00a0\u00a0\u00a0\u00a0\u00a0\u00a0 (p. 165)<\/p>\n<p><span style=\"color: #991818;\"><strong><em>Siempre conmigo<\/em><\/strong><\/span><\/p>\n<p style=\"padding-left: 40px;\">No s\u00e9 por qu\u00e9<br \/>\neste coraz\u00f3n m\u00edo palpitante<br \/>\nno llega a acostumbrarse a una vida al rev\u00e9s.<br \/>\nComo tampoco s\u00e9<br \/>\npor qu\u00e9 mi coraz\u00f3n no pasa la frontera<br \/>\nde las llagas que provoca el temor<br \/>\npara alcanzar la tierra del hast\u00edo.<br \/>\n\u00bfPor qu\u00e9 mi alma no viaja<br \/>\na los sue\u00f1os del horror<br \/>\ny esta boca muda<br \/>\npor qu\u00e9 no podr\u00e1 ya jam\u00e1s acostumbrarse<br \/>\na un lenguaje tan s\u00f3lido?<br \/>\n\u00bfY c\u00f3mo puede ser que,<br \/>\naqu\u00ed,<br \/>\nno puedo ser capaz<br \/>\nde la mudanza que genera el h\u00e1bito?<\/p>\n<p style=\"padding-left: 40px;\">Est\u00e1s conmigo, t\u00fa siempre est\u00e1s conmigo,<br \/>\ncreciendo en mis adentros, vivo en mi coraz\u00f3n.<br \/>\nSi no me he muerto aqu\u00ed<br \/>\nes porque no pueden arrebatarme<br \/>\naquello que jam\u00e1s voy a perder.\u00a0\u00a0\u00a0\u00a0\u00a0\u00a0\u00a0\u00a0\u00a0\u00a0 (p. 213)<\/p>\n<p>&nbsp;<\/p>\n<p><span style=\"color: #991818;\"><strong><em>Mi querida comunidad<\/em><\/strong><\/span><\/p>\n<p style=\"padding-left: 40px;\">Por como yo te amo<br \/>\ncreo que debo ser como un peque\u00f1o pez<br \/>\ny t\u00fa como el oc\u00e9ano.<br \/>\n\u00a1Cu\u00e1nto te quiero, oh vasta y extra\u00f1a inmensidad!<br \/>\nLlena eres de fe.<br \/>\n\u00a1Cu\u00e1nto te quiero, oh abismo azulado,<br \/>\nrepleto de corales y de perlas!<br \/>\n\u00a1Cu\u00e1nto te quiero,<br \/>\noh t\u00fa, luz perdurable!<br \/>\n\u00a1Oh pureza sin l\u00edmites,<br \/>\noh t\u00fa que est\u00e1s viva y das vida!<br \/>\nC\u00f3mo te amo a ti,<br \/>\ncomunidad querida. \u00a0\u00a0\u00a0\u00a0\u00a0\u00a0\u00a0\u00a0\u00a0\u00a0\u00a0(p. 223)<\/p>\n<p>&nbsp;<\/p>\n<p><span style=\"color: #991818;\"><strong><em>Te saludo de nuevo<\/em><\/strong><\/span><\/p>\n<p style=\"padding-left: 40px;\">Anoche en medio de una oscuridad perturbadora<br \/>\nme encontr\u00e9, sosteniendo entre los brazos,<br \/>\ncon fuerza sorprendente,<br \/>\nlos dos hemisferios de la Tierra.<\/p>\n<p style=\"padding-left: 40px;\">Entre las palmas<br \/>\ncalientes de mis manos<br \/>\nesos helados polos<br \/>\nse iban derritiendo.<br \/>\nY yo, una mujer,<br \/>\nen el punto m\u00e1s alto de la Tierra,<br \/>\nsalud\u00e9 al amor una vez m\u00e1s.\u00a0\u00a0\u00a0\u00a0\u00a0\u00a0\u00a0\u00a0\u00a0\u00a0\u00a0 (p. 225)<\/p>\n<p>&nbsp;<\/p>\n<p><span style=\"color: #991818;\"><strong><em>Bendito<\/em><\/strong><\/span><\/p>\n<p style=\"padding-left: 40px;\">Bendita la semilla cuyos brotes se abren<br \/>\ny benditos los brotes que afloran en la rama,<br \/>\ny bendita la rama que se colma de flores<br \/>\ny benditas las flores, esas flores pacientes<br \/>\nque producen los frutos<br \/>\ny benditos los frutos que albergan m\u00e1s semillas.<br \/>\nBenditas las semillas, los brotes y las ramas<br \/>\ny benditas las flores tambi\u00e9n, benditas sean.<br \/>\nBendito sea el mundo que has creado T\u00fa.\u00a0 \u00a0\u00a0\u00a0\u00a0\u00a0\u00a0\u00a0\u00a0\u00a0\u00a0\u00a0(p. 229)<\/p>\n<p>&nbsp;<\/p>\n<p><span style=\"color: #991818;\"><strong><em>Catarata<\/em><\/strong><\/span><\/p>\n<p style=\"padding-left: 40px;\">Me posee el amor eternamente,<br \/>\nen este oleaje embravecido<br \/>\nhablo de ti<br \/>\nporque esta riada interminable,<br \/>\ncual una catarata, me clava m\u00e1s adentro.<\/p>\n<p style=\"padding-left: 40px;\">Aqu\u00ed la humanidad se ha evaporado<br \/>\nen los fogones de los sufrimientos<br \/>\na veces en lo m\u00e1s<br \/>\nprofundo de mi ser sigo apreciando<br \/>\nla existencia abundante de la p\u00e9rdida.<br \/>\nIncluso aunque no vea ning\u00fan signo de ti<br \/>\nme llega la fragancia de tu verso.<br \/>\nQu\u00e9date aqu\u00ed conmigo,<br \/>\ncaudalosa frescura,<br \/>\nqu\u00e9date aqu\u00ed conmigo. \u00a0\u00a0\u00a0\u00a0\u00a0\u00a0\u00a0\u00a0\u00a0\u00a0\u00a0\u00a0\u00a0(p. 231)<\/p>\n<p>&nbsp;<\/p>\n<p>&nbsp;<\/p>\n","protected":false},"excerpt":{"rendered":"<p><span class=\"autor autor_home\">Mahvash S\u00e1bet<\/span>   Una peque\u00f1a selecci\u00f3n del poemario que, bajo este t\u00edtulo publica, Pre-Textos (2020).<br \/>\n Mahvash S\u00e1bet los escribi\u00f3 desde la c\u00e1rcel. Nacida en Ir\u00e1n (1953), estudi\u00f3 pedagog\u00eda y psicolog\u00eda. Fue profesora y directora de un instituto del que fue despedida por el gobierno por ser miembro de la comunidad bah\u00e1\u2019\u00ed. Fue detenida en 2008 por el mismo motivo y sentenciada a veinte a\u00f1os de c\u00e1rcel. En 2018 fue puesta en libertad. <\/p>\n","protected":false},"author":1,"featured_media":69948,"comment_status":"closed","ping_status":"closed","sticky":false,"template":"","format":"standard","meta":{"_acf_changed":false,"footnotes":""},"categories":[156,145,157],"tags":[],"post_series":[],"class_list":["post-69958","post","type-post","status-publish","format-standard","has-post-thumbnail","hentry","category-arte-y-poesia","category-articulos","category-entrevistas-y-retratos","entry","has-media"],"acf":[],"_links":{"self":[{"href":"https:\/\/cetr.net\/es\/wp-json\/wp\/v2\/posts\/69958","targetHints":{"allow":["GET"]}}],"collection":[{"href":"https:\/\/cetr.net\/es\/wp-json\/wp\/v2\/posts"}],"about":[{"href":"https:\/\/cetr.net\/es\/wp-json\/wp\/v2\/types\/post"}],"author":[{"embeddable":true,"href":"https:\/\/cetr.net\/es\/wp-json\/wp\/v2\/users\/1"}],"replies":[{"embeddable":true,"href":"https:\/\/cetr.net\/es\/wp-json\/wp\/v2\/comments?post=69958"}],"version-history":[{"count":2,"href":"https:\/\/cetr.net\/es\/wp-json\/wp\/v2\/posts\/69958\/revisions"}],"predecessor-version":[{"id":69960,"href":"https:\/\/cetr.net\/es\/wp-json\/wp\/v2\/posts\/69958\/revisions\/69960"}],"wp:featuredmedia":[{"embeddable":true,"href":"https:\/\/cetr.net\/es\/wp-json\/wp\/v2\/media\/69948"}],"wp:attachment":[{"href":"https:\/\/cetr.net\/es\/wp-json\/wp\/v2\/media?parent=69958"}],"wp:term":[{"taxonomy":"category","embeddable":true,"href":"https:\/\/cetr.net\/es\/wp-json\/wp\/v2\/categories?post=69958"},{"taxonomy":"post_tag","embeddable":true,"href":"https:\/\/cetr.net\/es\/wp-json\/wp\/v2\/tags?post=69958"},{"taxonomy":"post_series","embeddable":true,"href":"https:\/\/cetr.net\/es\/wp-json\/wp\/v2\/post_series?post=69958"}],"curies":[{"name":"wp","href":"https:\/\/api.w.org\/{rel}","templated":true}]}}