{"id":69971,"date":"2022-10-10T16:05:41","date_gmt":"2022-10-10T14:05:41","guid":{"rendered":"https:\/\/cetr.net\/?p=69971"},"modified":"2025-01-27T18:33:49","modified_gmt":"2025-01-27T17:33:49","slug":"lectura-comentada-de-poemas-de-juan-de-la-cruz","status":"publish","type":"post","link":"https:\/\/cetr.net\/es\/lectura-comentada-de-poemas-de-juan-de-la-cruz\/","title":{"rendered":"Lectura comentada de poemas de Juan de la Cruz y Teresa de Jes\u00fas"},"content":{"rendered":"<p>Juan de la Cruz en sus versos utiliza la imagen conyugal, como tambi\u00e9n hace Rumi, para expresar la uni\u00f3n con Dios y la no dualidad. De la misma forma que Rumi es expl\u00edcitamente te\u00edsta pero con un te\u00edsmo cristiano.\u00a0Los poemas de un gran m\u00edstico y poeta nos ayudar\u00e1n a aprender a trabajar en la v\u00eda desde la sensibilidad. Pretendemos superar las reticencias en el te\u00edsmo y en la devoci\u00f3n. Para heredar la sabidur\u00eda de los grandes del pasado estas reticencias no son razonables.\u00a0Leeremos los poemas: c\u00e1ntico espiritual, Romances, Dichos de luz y amor, Monte de perfecci\u00f3n, y Canciones.<\/p>\n[vc_empty_space][vc_text_separator title=\u00bb1\u00aa Clase\u00bb title_align=\u00bbseparator_align_left\u00bb]\n<ul>\n<li><a href=\"https:\/\/www.youtube.com\/watch?v=R3b8CmCnKgw\">https:\/\/www.youtube.com\/watch?v=R3b8CmCnKgw<\/a><\/li>\n<\/ul>\n[vc_empty_space][vc_text_separator title=\u00bb2\u00aa Clase\u00bb title_align=\u00bbseparator_align_left\u00bb]\n<ul>\n<li><a href=\"https:\/\/www.youtube.com\/watch?v=zT1iGPVqIEs\">https:\/\/www.youtube.com\/watch?v=zT1iGPVqIEs<\/a><\/li>\n<\/ul>\n[vc_empty_space][vc_text_separator title=\u00bb3\u00aa Clase\u00bb title_align=\u00bbseparator_align_left\u00bb]\n<ul>\n<li><a href=\"https:\/\/youtu.be\/A5QnbSCvup4\">https:\/\/youtu.be\/A5QnbSCvup4<\/a><\/li>\n<\/ul>\n[vc_empty_space][vc_text_separator title=\u00bb4\u00aa Clase\u00bb title_align=\u00bbseparator_align_left\u00bb]\n<ul>\n<li><a href=\"https:\/\/youtu.be\/Yygoss4NNwA\">https:\/\/youtu.be\/Yygoss4NNwA<\/a><\/li>\n<\/ul>\n[vc_empty_space][vc_text_separator title=\u00bb5\u00aa Clase\u00bb title_align=\u00bbseparator_align_left\u00bb]\n<ul>\n<li><a href=\"https:\/\/youtu.be\/WOGONOnXHzQ\">https:\/\/youtu.be\/WOGONOnXHzQ<\/a><\/li>\n<\/ul>\n[vc_empty_space][vc_text_separator title=\u00bb6\u00aa Clase\u00bb title_align=\u00bbseparator_align_left\u00bb]\n<ul>\n<li><a href=\"https:\/\/youtu.be\/Y--gXcLzeJ8\">https:\/\/youtu.be\/Y&#8211;gXcLzeJ8<\/a><\/li>\n<\/ul>\n[vc_empty_space][vc_text_separator title=\u00bb7\u00aa Clase\u00bb title_align=\u00bbseparator_align_left\u00bb]\n<ul>\n<li><a href=\"https:\/\/youtu.be\/WQq6GZ3iF0M\">https:\/\/youtu.be\/WQq6GZ3iF0M<\/a><\/li>\n<\/ul>\n[vc_empty_space][vc_text_separator title=\u00bb8\u00aa Clase\u00bb title_align=\u00bbseparator_align_left\u00bb]\n<ul>\n<li><a href=\"https:\/\/youtu.be\/Uo7gUq9lagU\">https:\/\/youtu.be\/Uo7gUq9lagU<\/a><\/li>\n<\/ul>\n[vc_empty_space][vc_text_separator title=\u00bb9\u00aa Clase &#8211; inicio texto Teresa de Jes\u00fas\u00bb title_align=\u00bbseparator_align_left\u00bb]\n<ul>\n<li><a href=\"https:\/\/youtu.be\/KN63ucghvf4\">https:\/\/youtu.be\/KN63ucghvf4<\/a><\/li>\n<\/ul>\n[vc_empty_space][vc_text_separator title=\u00bb10\u00aa Clase &#8211; inici textos Teresa de Jes\u00fas\u00bb title_align=\u00bbseparator_align_left\u00bb]\n<ul>\n<li><a href=\"https:\/\/youtu.be\/I3jQGO6mWSA\">https:\/\/youtu.be\/I3jQGO6mWSA<\/a><\/li>\n<\/ul>\n[vc_empty_space][vc_text_separator title=\u00bb11\u00aa Clase &#8211; inici textos Teresa de Jes\u00fas\u00bb title_align=\u00bbseparator_align_left\u00bb]\n<ul>\n<li><a href=\"https:\/\/youtu.be\/kJfyATm4MZg\">https:\/\/youtu.be\/kJfyATm4MZg<\/a><\/li>\n<\/ul>\n[vc_empty_space][vc_text_separator title=\u00bb12\u00aa Clase &#8211; inici textos Teresa de Jes\u00fas\u00bb title_align=\u00bbseparator_align_left\u00bb]\n<ul>\n<li><a href=\"https:\/\/youtu.be\/uH4OiMeYjfY\">https:\/\/youtu.be\/uH4OiMeYjfY<\/a><\/li>\n<\/ul>\n[vc_empty_space][vc_text_separator title=\u00bb13\u00aa Clase &#8211; inici textos Teresa de Jes\u00fas\u00bb title_align=\u00bbseparator_align_left\u00bb]\n<ul>\n<li><a href=\"https:\/\/youtu.be\/-10Q5gM81hc\">https:\/\/youtu.be\/-10Q5gM81hc<\/a><\/li>\n<\/ul>\n[vc_empty_space][vc_text_separator title=\u00bb14\u00aa Clase &#8211; inici textos Teresa de Jes\u00fas\u00bb title_align=\u00bbseparator_align_left\u00bb]\n<ul>\n<li><a href=\"https:\/\/youtu.be\/FuqpxdW3PK4\">https:\/\/youtu.be\/FuqpxdW3PK4<\/a><\/li>\n<\/ul>\n[vc_empty_space][vc_text_separator title=\u00bb15\u00aa Clase &#8211; inici textos Teresa de Jes\u00fas\u00bb title_align=\u00bbseparator_align_left\u00bb]\n<ul>\n<li><a href=\"https:\/\/youtu.be\/eUTPIz-Xk3g\">https:\/\/youtu.be\/eUTPIz-Xk3g<\/a><\/li>\n<\/ul>\n","protected":false},"excerpt":{"rendered":"<p>Juan de la Cruz en sus versos utiliza la imagen conyugal, como tambi\u00e9n hace Rumi, para expresar la uni\u00f3n con Dios y la no dualidad. De la misma forma que Rumi es expl\u00edcitamente te\u00edsta pero con un te\u00edsmo cristiano.\u00a0Los poemas de un gran m\u00edstico y poeta nos ayudar\u00e1n a aprender a trabajar en la v\u00eda desde la sensibilidad. Pretendemos superar las reticencias en el te\u00edsmo y en la devoci\u00f3n. Para heredar la sabidur\u00eda de los grandes del pasado estas reticencias no son razonables.\u00a0Leeremos los poemas: c\u00e1ntico espiritual, Romances, Dichos de luz y amor, Monte de perfecci\u00f3n, y Canciones.<\/p>\n","protected":false},"author":1,"featured_media":69887,"comment_status":"closed","ping_status":"closed","sticky":false,"template":"","format":"standard","meta":{"_acf_changed":false,"footnotes":""},"categories":[382],"tags":[],"post_series":[],"class_list":["post-69971","post","type-post","status-publish","format-standard","has-post-thumbnail","hentry","category-cristianismo","entry","has-media"],"acf":[],"_links":{"self":[{"href":"https:\/\/cetr.net\/es\/wp-json\/wp\/v2\/posts\/69971","targetHints":{"allow":["GET"]}}],"collection":[{"href":"https:\/\/cetr.net\/es\/wp-json\/wp\/v2\/posts"}],"about":[{"href":"https:\/\/cetr.net\/es\/wp-json\/wp\/v2\/types\/post"}],"author":[{"embeddable":true,"href":"https:\/\/cetr.net\/es\/wp-json\/wp\/v2\/users\/1"}],"replies":[{"embeddable":true,"href":"https:\/\/cetr.net\/es\/wp-json\/wp\/v2\/comments?post=69971"}],"version-history":[{"count":22,"href":"https:\/\/cetr.net\/es\/wp-json\/wp\/v2\/posts\/69971\/revisions"}],"predecessor-version":[{"id":70805,"href":"https:\/\/cetr.net\/es\/wp-json\/wp\/v2\/posts\/69971\/revisions\/70805"}],"wp:featuredmedia":[{"embeddable":true,"href":"https:\/\/cetr.net\/es\/wp-json\/wp\/v2\/media\/69887"}],"wp:attachment":[{"href":"https:\/\/cetr.net\/es\/wp-json\/wp\/v2\/media?parent=69971"}],"wp:term":[{"taxonomy":"category","embeddable":true,"href":"https:\/\/cetr.net\/es\/wp-json\/wp\/v2\/categories?post=69971"},{"taxonomy":"post_tag","embeddable":true,"href":"https:\/\/cetr.net\/es\/wp-json\/wp\/v2\/tags?post=69971"},{"taxonomy":"post_series","embeddable":true,"href":"https:\/\/cetr.net\/es\/wp-json\/wp\/v2\/post_series?post=69971"}],"curies":[{"name":"wp","href":"https:\/\/api.w.org\/{rel}","templated":true}]}}