{"id":70794,"date":"2023-05-25T13:38:57","date_gmt":"2023-05-25T11:38:57","guid":{"rendered":"https:\/\/cetr.net\/?p=70794"},"modified":"2023-05-27T20:31:50","modified_gmt":"2023-05-27T18:31:50","slug":"mi-gratitud-todo-es-gracia","status":"publish","type":"post","link":"https:\/\/cetr.net\/es\/mi-gratitud-todo-es-gracia\/","title":{"rendered":"Mi gratitud. Todo es gracia"},"content":{"rendered":"<p>&nbsp;<\/p>\n<p>A trav\u00e9s de Facebook, nuestro buen amigo Rafa nos hace part\u00edcipes de sus vivencias y comprensiones, desde una mirada l\u00facida y serena sobre el deterioro que el avance del ELA genera en su cuerpo. El t\u00edtulo de su \u00faltimo libro ya lo dice todo: <a href=\"https:\/\/www.edesclee.com\/colecciones\/a-los-cuatro-vientos\/gratitud\"><em>GRATITUD <\/em>(Descl\u00e9e de Brouwer, 2023)<em>.<\/em><\/a><\/p>\n<p>&nbsp;<\/p>\n<p>&nbsp;<\/p>\n<p>Ojos del alma,<br \/>\nde par en par abiertos.<br \/>\nLuz en el fondo.\u00a0\u00a0\u00a0\u00a0\u00a0\u00a0\u00a0\u00a0\u00a0\u00a0\u00a0\u00a0\u00a0\u00a0\u00a0\u00a0\u00a0\u00a0\u00a0\u00a0 (24.07.2022)<\/p>\n<p>&nbsp;<\/p>\n<p>En el Silencio de tu Presencia,<br \/>\ny s\u00f3lo en \u00e9l, comprendo<br \/>\nel misterio de existir:<br \/>\nBarro reavivado por tu Aliento&#8230;<br \/>\nEn tu soplo respiro,<br \/>\nPresencia, mi alimento. \u00a0\u00a0\u00a0\u00a0\u00a0\u00a0\u00a0\u00a0\u00a0\u00a0\u00a0\u00a0\u00a0\u00a0\u00a0\u00a0\u00a0\u00a0\u00a0 (9.08.22)<\/p>\n<p>&nbsp;<\/p>\n<p>(15.08.2022)\u00a0\u00a0 Mis extremidades decaen d\u00eda a d\u00eda. Pero aunque ya no puedo tocar la guitarra, si puedo a\u00fan escribir lentamente con una mano. La respiraci\u00f3n, aunque asistida por la noche, sigue fluyendo. Manos bondadosas me transportan en silla de ruedas, y salvo momentos realmente duros de digerir a un nivel existencial, se me ha dado la claridad de discernir que el Esp\u00edritu me sostiene. En \u00e9l deposito toda su iniciativa, doy gracias por su Aliento para poder animar y empujar a quienes han perdido el tim\u00f3n y la esperanza.<\/p>\n<p>&nbsp;<\/p>\n<p>Gotas de eternidad<br \/>\nbrotando por los poros de este instante.<br \/>\nNuestro cuerpo, en sus venas,<br \/>\ncelebra la existencia&#8230;\u00a0\u00a0\u00a0 (23.09.2022)<\/p>\n<p>&nbsp;<\/p>\n<p>T\u00fa, Gran Silencio,<br \/>\nme abres la percepci\u00f3n de lo sagrado.<br \/>\nT\u00fa, Gran Silencio,<br \/>\nremanso de sedientos,<br \/>\nmorada natural de tu Presencia\u2026<br \/>\n(28.09.2022)<\/p>\n<p>&nbsp;<\/p>\n<p>(5.11.2022)\u00a0\u00a0 Exiliarse del ruido del pensamiento, hacerse silencio, apertura. Y escuchar el susurro del Ser de la creaci\u00f3n latiendo en tu m\u00e1s profunda vena.<\/p>\n<p>Aun en medio del dolor \u2013lo s\u00e9- uno tiene la ocasi\u00f3n de aquietar la mente, la de poder experimentar y dejarse contactar por Lo No Nacido, manantial de esa Fuerza: el Esp\u00edritu, la esencia de tu propia conciencia, m\u00e1s all\u00e1 del dolor del tiempo y de su muerte. La Fuerza del Dios Madre de la Vida que, allende dogmas y religiones, sobre toda carne se prodiga y se derrama.<\/p>\n<p>Poder experimentar que el Dios Madre de este mundo palpita en tu verdadera naturaleza, y que en nuestros desolados infiernos ha encontrado el lugar de su Buena Nueva, es una experiencia liberadora radical, que, por serlo, nos marca para toda la vida llenando a esta de sentido.<\/p>\n<p>Compasivo fulgor que, llenando la conciencia de certeza, pulveriza los \u00eddolos del lugar com\u00fan, la falacia del pensamiento \u00fanico, la alienaci\u00f3n de los resignados novios de la muerte cuando a la resignaci\u00f3n apelan y escupen tu inteligencia al grito de \u00ab\u00a1esto es lo que hay!\u00bb para que permanezcas en el ata\u00fad de los fabricantes del miedo que para ti reservan, cementerio instaurado por los muertos que gu\u00edan a otros muertos. Tal es el muladar de la esperanza neoliberal, el estercolero de su Tierra Prometida.<\/p>\n<p>Y no, no va por ah\u00ed la Vida, para otro destino hemos nacido.<\/p>\n<p>(18.11.2022)\u00a0\u00a0 Con p\u00e1rpados de plomo, tan pesados como el resto de mi cuerpo, casi vencido por el sue\u00f1o, acab\u00f3 el d\u00eda re-leyendo textos perdidos de mi admirado Albert Camus. Y entre sus p\u00e1ginas me encuentro estas inspiradoras, maravillosas y alentadoras palabras que me obligo a compartir, ya que creo que todos, especialmente si nos encontramos en un mal momento, necesitamos leerlas. Dicen as\u00ed:<\/p>\n<p>\u00bb &#8230; En medio del odio descubr\u00ed que hab\u00eda, dentro de m\u00ed, un amor invencible. En medio de las l\u00e1grimas descubr\u00ed que hab\u00eda, dentro de m\u00ed, una sonrisa invencible. En medio del caos descubr\u00ed que hab\u00eda, dentro de m\u00ed, una calma invencible. Me di cuenta a pesar de todo eso&#8230; En medio del invierno descubr\u00ed que hab\u00eda, dentro de m\u00ed, un verano invencible. Y eso me hace feliz. Porque esto dice que no importa lo duro que el mundo empuja contra m\u00ed; en mi interior hay algo m\u00e1s fuerte, algo mejor, empujando de vuelta.\u00bb<\/p>\n<p>Camus, a los ojos de muchos muri\u00f3 como un ateo. Pero el Soplo del Esp\u00edritu, que sopla donde quiere, hizo de \u00e9l una referencia de honradez inestimable para toda la raza humana. Un aut\u00e9ntico hijo de Dios.<\/p>\n<p>T\u00fa, honda Presencia,<br \/>\nreventando las brumas,<br \/>\nluz de alborada&#8230;\u00a0 (20.11.2022)<\/p>\n<p>\u00bfQu\u00e9 podr\u00e1s t\u00fa arrebatarle,<br \/>\nDama de la Guada\u00f1a,<br \/>\na quien, vac\u00edo y desasido,<br \/>\ndesnudo anda el camino<br \/>\ny s\u00f3lo ans\u00eda ser Nadie?\u00a0\u00a0 (7.01.23)<\/p>\n<p>&nbsp;<\/p>\n<p><a href=\"https:\/\/www.edesclee.com\/colecciones\/a-los-cuatro-vientos\/gratitud\"><img loading=\"lazy\" decoding=\"async\" class=\"alignleft wp-image-70784\" src=\"https:\/\/cetr.net\/wp-content\/uploads\/2023\/05\/Redondo-Gratitud-Portada.png\" alt=\"\" width=\"250\" height=\"332\" srcset=\"https:\/\/cetr.net\/wp-content\/uploads\/2023\/05\/Redondo-Gratitud-Portada.png 440w, https:\/\/cetr.net\/wp-content\/uploads\/2023\/05\/Redondo-Gratitud-Portada-226x300.png 226w\" sizes=\"auto, (max-width: 250px) 100vw, 250px\" \/><\/a> (20.03.2023) \u00a0 Hoy, al levantarme de la cama, sent\u00ed en mi cuerpo el progresivo peso de la enfermedad: la incapacidad para incorporarme, la dificultad para caminar, para vestirme, para sostenerme; la falta de fuerza en mis brazos y manos a la hora de escribir.<\/p>\n<p>Sin embargo, tu Manantial de Vida que no distingue buenos de malos, te derramas sin distinci\u00f3n sobre toda carne. Siempre respondes; quiz\u00e1 no del modo que yo hubiera querido, pero siempre respondes.<\/p>\n<p>Y T\u00fa estabas ah\u00ed, cuando menos te esperaba. Cuando la desaz\u00f3n lastraba mi esperanza. Pero T\u00fa respondiste, Fuente de la Vida, cuando ayer te clamaba: No pido que me cures, pero s\u00ed que me concedas la suficiente fuerza, la Fuerza de tu Esp\u00edritu, para poder afrontar lo que la vida me traiga y sobre todo transparentar humildemente el don de vivir que me regalas &#8211; nos regalas sin ninguna suerte de distinci\u00f3n- cada d\u00eda: tu Presencia. Para eso nac\u00ed. Para eso hemos nacido. Mi gratitud. Todo es gracia.<\/p>\n<p>(22.04.2023)\u00a0\u00a0\u00a0 La hora en que el ser humano ya no sabe qui\u00e9n es, en la que vaga errante como una sombra entre sus propias ruinas, esa hora de la gran soledad y del vac\u00edo, es tambi\u00e9n la hora de los grandes renacimientos. Es la hora en que nos visita lo desconocido.<br \/>\n( El dictado de voz, suple las carencias de mis dedos; todo un descubrimiento para m\u00ed, que agradezco a la t\u00e9cnica)<\/p>\n<p>Tu Presencia activa,<br \/>\nlo \u00fanico que merece la pena vivir&#8230;\u00a0 (14 05 2023)<\/p>\n<p>&nbsp;<\/p>\n<p>&nbsp;<\/p>\n","protected":false},"excerpt":{"rendered":"<p><span class=\"autor autor_home\">Rafael Redondo<\/span>  \u201cHoy, al levantarme de la cama, sent\u00ed en mi cuerpo el progresivo peso de la enfermedad\u2026\u201d A trav\u00e9s de Facebook, nuestro buen amigo Rafa nos hace part\u00edcipes de sus vivencias y comprensiones, desde una mirada l\u00facida y serena sobre el deterioro que el avance del ELA genera en su cuerpo. El t\u00edtulo de su \u00faltimo libro, GRATITUD (Descl\u00e9e de Brouwer, 2023), ya lo dice todo. <\/p>\n","protected":false},"author":1,"featured_media":70781,"comment_status":"closed","ping_status":"closed","sticky":false,"template":"","format":"standard","meta":{"_acf_changed":false,"footnotes":""},"categories":[145,476],"tags":[],"post_series":[],"class_list":["post-70794","post","type-post","status-publish","format-standard","has-post-thumbnail","hentry","category-articulos","category-cualidad-humana-y-cualidad-humana-profunda","entry","has-media"],"acf":[],"_links":{"self":[{"href":"https:\/\/cetr.net\/es\/wp-json\/wp\/v2\/posts\/70794","targetHints":{"allow":["GET"]}}],"collection":[{"href":"https:\/\/cetr.net\/es\/wp-json\/wp\/v2\/posts"}],"about":[{"href":"https:\/\/cetr.net\/es\/wp-json\/wp\/v2\/types\/post"}],"author":[{"embeddable":true,"href":"https:\/\/cetr.net\/es\/wp-json\/wp\/v2\/users\/1"}],"replies":[{"embeddable":true,"href":"https:\/\/cetr.net\/es\/wp-json\/wp\/v2\/comments?post=70794"}],"version-history":[{"count":2,"href":"https:\/\/cetr.net\/es\/wp-json\/wp\/v2\/posts\/70794\/revisions"}],"predecessor-version":[{"id":70826,"href":"https:\/\/cetr.net\/es\/wp-json\/wp\/v2\/posts\/70794\/revisions\/70826"}],"wp:featuredmedia":[{"embeddable":true,"href":"https:\/\/cetr.net\/es\/wp-json\/wp\/v2\/media\/70781"}],"wp:attachment":[{"href":"https:\/\/cetr.net\/es\/wp-json\/wp\/v2\/media?parent=70794"}],"wp:term":[{"taxonomy":"category","embeddable":true,"href":"https:\/\/cetr.net\/es\/wp-json\/wp\/v2\/categories?post=70794"},{"taxonomy":"post_tag","embeddable":true,"href":"https:\/\/cetr.net\/es\/wp-json\/wp\/v2\/tags?post=70794"},{"taxonomy":"post_series","embeddable":true,"href":"https:\/\/cetr.net\/es\/wp-json\/wp\/v2\/post_series?post=70794"}],"curies":[{"name":"wp","href":"https:\/\/api.w.org\/{rel}","templated":true}]}}