{"id":70984,"date":"2023-07-03T16:42:30","date_gmt":"2023-07-03T14:42:30","guid":{"rendered":"https:\/\/cetr.net\/9-cibernetica-i-qualitat-humana\/"},"modified":"2023-09-05T16:50:35","modified_gmt":"2023-09-05T14:50:35","slug":"9-cibernetica-i-qualitat-humana","status":"publish","type":"post","link":"https:\/\/cetr.net\/es\/9-cibernetica-i-qualitat-humana\/","title":{"rendered":"9. CIBERN\u00c9TICA Y CUALIDAD HUMANA"},"content":{"rendered":"<div class=\"wpb-content-wrapper\">[vc_row][vc_column][vc_column_text]Necesitamos un contrapeso cualitativo para convivir con la tecnociencia. Las sociedades del conocimiento est\u00e1n desplegando todo un engranaje cibern\u00e9tico que transforma nuestro mundo en datos y algoritmos manejados desde las inteligencias artificiales. Esta transformaci\u00f3n y su potencial son herramientas que, como especie humana, no podemos dejar en manos de un sistema abocado a la informaci\u00f3n, la investigaci\u00f3n y la explotaci\u00f3n. \u00bfC\u00f3mo hacer que ese engranaje cibern\u00e9tico est\u00e9 al servicio de la calidad de vida? \u00bfLa calidad humana y la calidad humana profunda, como espiritualidad de la acci\u00f3n desinteresada, pueden ayudar a esta reorientaci\u00f3n?<\/p>\n<p><strong>Fechas:<\/strong> 12 y 19 de marzo, dos martes<br \/>\n<strong>Horario:<\/strong> de 18h a 20h<br \/>\n<strong>Aportaci\u00f3n: <\/strong>40\u20ac (fraccionable)<br \/>\n<strong>Presencial y\u00a0<em>online<\/em><\/strong><\/p>\n<p style=\"text-align: center;\" align=\"center\"><u><span style=\"font-size: 21.0pt; color: #993300;\">Inscripci\u00f3n para hacer el curso\u00a0<strong>on-line:<\/strong><\/span><\/u><\/p>\n<p>Puede inscribirse en este curso envi\u00e1ndonos un mensaje a\u00a0jm.bobadilla@cetr.net<br \/>\nCuando nos env\u00ede el correo, por favor, recuerde indicar su nombre y el t\u00edtulo del curso o n\u00ba del curso que encontrar\u00e1s en el programa.<\/p>\n<p>Forma de pago:\u00a0La aportaci\u00f3n se puede realizar mediante transferencia bancaria a la cuenta de<\/p>\n<p>Banco Sabadell: ES79 0081 5119 6800 0108 8609<\/p>\n<p>Es muy importante indicar el nombre completo de la persona inscrita en el concepto de la transferencia y el t\u00edtulo del curso o n\u00ba del curso.<\/p>\n<p>Adem\u00e1s, si el sistema de tu banco online lo permite, puedes enviarnos la notificaci\u00f3n de transferencia, disponible al final de la operaci\u00f3n de transferencia a evacetr@gmail.com<\/p>\n<p>Una vez se haya inscrito y haya realizado la transferencia, recibir\u00e1 un mensaje con la confirmaci\u00f3n de la inscripci\u00f3n y tres d\u00edas antes del inicio del curso las instrucciones para acceder al curso en directo.<\/p>\n<p style=\"text-align: center;\" align=\"center\"><u><span style=\"font-size: 21.0pt; color: #993300;\">Formulario de inscripci\u00f3n para hacer el curso<\/span><\/u><strong><span style=\"font-size: 21.0pt; color: #993300;\"> presencialmente<\/span><\/strong><\/p>\n[\/vc_column_text][\/vc_column][\/vc_row][vc_row wpex_bg_overlay=\u00bbcolor\u00bb wpex_bg_overlay_color=\u00bb#5aed53&#8243;][vc_column][vc_column_text]\n<p style=\"text-align: center;\"><span style=\"font-size: 28px;\"><strong><span style=\"color: #993300;\">FORMULARIO DE INSCRIPCI\u00d3N<\/span><\/strong><\/span><\/p>\n[\/vc_column_text]\n<div class=\"wpcf7 no-js\" id=\"wpcf7-f62672-o1\" lang=\"ca\" dir=\"ltr\" data-wpcf7-id=\"62672\">\n<div class=\"screen-reader-response\"><p role=\"status\" aria-live=\"polite\" aria-atomic=\"true\"><\/p> <ul><\/ul><\/div>\n<form action=\"\/es\/wp-json\/wp\/v2\/posts\/70984#wpcf7-f62672-o1\" method=\"post\" class=\"wpcf7-form init\" aria-label=\"Formulari de contacte\" novalidate=\"novalidate\" data-status=\"init\">\n<fieldset class=\"hidden-fields-container\"><input type=\"hidden\" name=\"_wpcf7\" value=\"62672\" \/><input type=\"hidden\" name=\"_wpcf7_version\" value=\"6.1.5\" \/><input type=\"hidden\" name=\"_wpcf7_locale\" value=\"ca\" \/><input type=\"hidden\" name=\"_wpcf7_unit_tag\" value=\"wpcf7-f62672-o1\" \/><input type=\"hidden\" name=\"_wpcf7_container_post\" value=\"0\" \/><input type=\"hidden\" name=\"_wpcf7_posted_data_hash\" value=\"\" \/><input type=\"hidden\" name=\"_wpcf7_recaptcha_response\" value=\"\" \/>\n<\/fieldset>\n<p>Nom\n\t<font color=\"red\">*\n\t<\/font><br \/>\n<span class=\"wpcf7-form-control-wrap\" data-name=\"your-name\"><input size=\"40\" maxlength=\"400\" class=\"wpcf7-form-control wpcf7-text wpcf7-validates-as-required\" aria-required=\"true\" aria-invalid=\"false\" value=\"\" type=\"text\" name=\"your-name\" \/><\/span>\n<\/p>\n<p>e-mail\n\t<font color=\"red\">*\n\t<\/font><br \/>\n<span class=\"wpcf7-form-control-wrap\" data-name=\"your-email\"><input size=\"40\" maxlength=\"400\" class=\"wpcf7-form-control wpcf7-email wpcf7-validates-as-required wpcf7-text wpcf7-validates-as-email\" aria-required=\"true\" aria-invalid=\"false\" value=\"\" type=\"email\" name=\"your-email\" \/><\/span>\n<\/p>\n<p>Tel\u00e8fon<br \/>\n<span class=\"wpcf7-form-control-wrap\" data-name=\"your-tel\"><input size=\"40\" maxlength=\"400\" class=\"wpcf7-form-control wpcf7-tel wpcf7-text wpcf7-validates-as-tel\" aria-invalid=\"false\" value=\"\" type=\"tel\" name=\"your-tel\" \/><\/span>\n<\/p>\n<p>\n\n<\/p>\n<p><input class=\"wpcf7-form-control wpcf7-submit has-spinner\" type=\"submit\" value=\"Enviar\" \/>\n<\/p><p style=\"display: none !important;\" class=\"akismet-fields-container\" data-prefix=\"_wpcf7_ak_\"><label>&#916;<textarea name=\"_wpcf7_ak_hp_textarea\" cols=\"45\" rows=\"8\" maxlength=\"100\"><\/textarea><\/label><input type=\"hidden\" id=\"ak_js_1\" name=\"_wpcf7_ak_js\" value=\"192\"\/><script>\ndocument.getElementById( \"ak_js_1\" ).setAttribute( \"value\", ( new Date() ).getTime() );\n<\/script>\n<\/p><div class=\"wpcf7-response-output\" aria-hidden=\"true\"><\/div>\n<\/form>\n<\/div>\n[\/vc_column][\/vc_row]\n<\/div>","protected":false},"excerpt":{"rendered":"<p><span class=\"autor\">Francesc Torradeflot i Jose Manuel Bobadilla<\/span><br \/>\nFechas: 12 y 19 de marzo, dos martes<br \/>\nHorario: de 18h a 20h<br \/>\nPresencial y online<\/p>\n","protected":false},"author":1,"featured_media":71072,"comment_status":"closed","ping_status":"closed","sticky":false,"template":"","format":"standard","meta":{"_acf_changed":false,"footnotes":""},"categories":[542],"tags":[],"post_series":[],"class_list":["post-70984","post","type-post","status-publish","format-standard","has-post-thumbnail","hentry","category-sin-categoria-es","entry","has-media"],"acf":[],"_links":{"self":[{"href":"https:\/\/cetr.net\/es\/wp-json\/wp\/v2\/posts\/70984","targetHints":{"allow":["GET"]}}],"collection":[{"href":"https:\/\/cetr.net\/es\/wp-json\/wp\/v2\/posts"}],"about":[{"href":"https:\/\/cetr.net\/es\/wp-json\/wp\/v2\/types\/post"}],"author":[{"embeddable":true,"href":"https:\/\/cetr.net\/es\/wp-json\/wp\/v2\/users\/1"}],"replies":[{"embeddable":true,"href":"https:\/\/cetr.net\/es\/wp-json\/wp\/v2\/comments?post=70984"}],"version-history":[{"count":6,"href":"https:\/\/cetr.net\/es\/wp-json\/wp\/v2\/posts\/70984\/revisions"}],"predecessor-version":[{"id":71207,"href":"https:\/\/cetr.net\/es\/wp-json\/wp\/v2\/posts\/70984\/revisions\/71207"}],"wp:featuredmedia":[{"embeddable":true,"href":"https:\/\/cetr.net\/es\/wp-json\/wp\/v2\/media\/71072"}],"wp:attachment":[{"href":"https:\/\/cetr.net\/es\/wp-json\/wp\/v2\/media?parent=70984"}],"wp:term":[{"taxonomy":"category","embeddable":true,"href":"https:\/\/cetr.net\/es\/wp-json\/wp\/v2\/categories?post=70984"},{"taxonomy":"post_tag","embeddable":true,"href":"https:\/\/cetr.net\/es\/wp-json\/wp\/v2\/tags?post=70984"},{"taxonomy":"post_series","embeddable":true,"href":"https:\/\/cetr.net\/es\/wp-json\/wp\/v2\/post_series?post=70984"}],"curies":[{"name":"wp","href":"https:\/\/api.w.org\/{rel}","templated":true}]}}