{"id":72306,"date":"2024-10-16T18:00:25","date_gmt":"2024-10-16T16:00:25","guid":{"rendered":"https:\/\/cetr.net\/realisme-capitalista-i-epistemologia-axiologica\/"},"modified":"2024-10-23T19:19:41","modified_gmt":"2024-10-23T17:19:41","slug":"realisme-capitalista-i-epistemologia-axiologica","status":"publish","type":"post","link":"https:\/\/cetr.net\/es\/realisme-capitalista-i-epistemologia-axiologica\/","title":{"rendered":"Realismo Capitalista y Epistemolog\u00eda Axiol\u00f3gica"},"content":{"rendered":"[vc_empty_space][vc_text_separator title=\u00bb1\u00aa Clase &#8211; Introducci\u00f3n al pensamiento de Mark Fisher y al concepto de Realismo Capitalista\u00bb title_align=\u00bbseparator_align_left\u00bb]\n<ul>\n<li><a href=\"https:\/\/youtu.be\/Tsq6abYB9Zg\">https:\/\/youtu.be\/Tsq6abYB9Zg<\/a><\/li>\n<\/ul>\n[vc_empty_space][vc_text_separator title=\u00bb2\u00aa Clase &#8211; Poslexia, aburrimiento, impotencia reflexiva, hedonia depresiva y salud mental\u00bb title_align=\u00bbseparator_align_left\u00bb]\n<ul>\n<li><a href=\"https:\/\/youtu.be\/eXrddjMOAz0\">https:\/\/youtu.be\/eXrddjMOAz0<\/a><\/li>\n<\/ul>\n[vc_empty_space][vc_text_separator title=\u00bb3\u00aa Clase &#8211; Deseo Postcapitalista, Proyectos Axiol\u00f3gicos Colectivos y Cualidad Humana\u00bb title_align=\u00bbseparator_align_left\u00bb]\n<ul>\n<li><a href=\"https:\/\/youtu.be\/vziyHlj8Xzw\">https:\/\/youtu.be\/vziyHlj8Xzw<\/a><\/li>\n<\/ul>\n","protected":false},"excerpt":{"rendered":"<p>Mark Fisher va popularitzar la frase \u201c\u00e9s m\u00e9s f\u00e0cil imaginar la fi del m\u00f3n abans que la fi del capitalisme\u201d. La seva cr\u00edtica va dirigida a la impossibilitat de pensar, col\u00b7lectivament, en un nou paradigma que ens allunyi del capitalisme i sobre tot que lligui el desig hum\u00e0 a aquestes noves formes culturals postcapitalistes. D\u2019altre banda, l\u2019Epistemologia Axiol\u00f2gica de Mari\u00e0 Corb\u00ed ofereix noves interpretacions antropol\u00f2giques i epistemol\u00f2giques que ens ajuden a entendre la cr\u00edtica de Fisher i la possibilitat de construir un nou marc cultural postcapitalista des del cultiu de la qualitat humana i qualitat humana profunda.<\/p>\n","protected":false},"author":1,"featured_media":72304,"comment_status":"closed","ping_status":"closed","sticky":false,"template":"","format":"standard","meta":{"_acf_changed":false,"footnotes":""},"categories":[529,460,151,380],"tags":[],"post_series":[],"class_list":["post-72306","post","type-post","status-publish","format-standard","has-post-thumbnail","hentry","category-altres-articles-es","category-cursos-online-es-2","category-cursos-online-es","category-otros","entry","has-media"],"acf":[],"_links":{"self":[{"href":"https:\/\/cetr.net\/es\/wp-json\/wp\/v2\/posts\/72306","targetHints":{"allow":["GET"]}}],"collection":[{"href":"https:\/\/cetr.net\/es\/wp-json\/wp\/v2\/posts"}],"about":[{"href":"https:\/\/cetr.net\/es\/wp-json\/wp\/v2\/types\/post"}],"author":[{"embeddable":true,"href":"https:\/\/cetr.net\/es\/wp-json\/wp\/v2\/users\/1"}],"replies":[{"embeddable":true,"href":"https:\/\/cetr.net\/es\/wp-json\/wp\/v2\/comments?post=72306"}],"version-history":[{"count":3,"href":"https:\/\/cetr.net\/es\/wp-json\/wp\/v2\/posts\/72306\/revisions"}],"predecessor-version":[{"id":72355,"href":"https:\/\/cetr.net\/es\/wp-json\/wp\/v2\/posts\/72306\/revisions\/72355"}],"wp:featuredmedia":[{"embeddable":true,"href":"https:\/\/cetr.net\/es\/wp-json\/wp\/v2\/media\/72304"}],"wp:attachment":[{"href":"https:\/\/cetr.net\/es\/wp-json\/wp\/v2\/media?parent=72306"}],"wp:term":[{"taxonomy":"category","embeddable":true,"href":"https:\/\/cetr.net\/es\/wp-json\/wp\/v2\/categories?post=72306"},{"taxonomy":"post_tag","embeddable":true,"href":"https:\/\/cetr.net\/es\/wp-json\/wp\/v2\/tags?post=72306"},{"taxonomy":"post_series","embeddable":true,"href":"https:\/\/cetr.net\/es\/wp-json\/wp\/v2\/post_series?post=72306"}],"curies":[{"name":"wp","href":"https:\/\/api.w.org\/{rel}","templated":true}]}}