{"id":72364,"date":"2024-10-25T18:01:27","date_gmt":"2024-10-25T16:01:27","guid":{"rendered":"https:\/\/cetr.net\/lectura-comentada-de-lalcora\/"},"modified":"2025-11-21T18:32:12","modified_gmt":"2025-11-21T17:32:12","slug":"lectura-comentada-de-lalcora","status":"publish","type":"post","link":"https:\/\/cetr.net\/es\/lectura-comentada-de-lalcora\/","title":{"rendered":"Lectura comentada del Cor\u00e1n (2024-2025)"},"content":{"rendered":"<p>Proponemos la lectura sin creencias y sin epistemolog\u00eda m\u00edtica del texto fundacional del Islam por la importancia que tiene esta tradici\u00f3n y por constatar que es posible hoy comprender y sentir su gran riqueza. Leeremos la traducci\u00f3n de Julio Cort\u00e9s (de Ed. Herder).<\/p>\n[vc_empty_space][vc_text_separator title=\u00bb1\u00aa Clase\u00bb title_align=\u00bbseparator_align_left\u00bb]\n<ul>\n<li><a href=\"https:\/\/youtu.be\/nfHOxiVj1oo\">https:\/\/youtu.be\/nfHOxiVj1oo<\/a><\/li>\n<\/ul>\n[vc_empty_space][vc_text_separator title=\u00bb2\u00aa Clase\u00bb title_align=\u00bbseparator_align_left\u00bb]\n<ul>\n<li><a href=\"https:\/\/youtu.be\/Y3AdwTld6iA\">https:\/\/youtu.be\/Y3AdwTld6iA<\/a><\/li>\n<\/ul>\n[vc_empty_space][vc_text_separator title=\u00bb3\u00aa Clase\u00bb title_align=\u00bbseparator_align_left\u00bb]\n<ul>\n<li><a href=\"https:\/\/youtu.be\/tp28MnhmJro\">https:\/\/youtu.be\/tp28MnhmJro<\/a><\/li>\n<\/ul>\n[vc_empty_space][vc_text_separator title=\u00bb4\u00aa Clase\u00bb title_align=\u00bbseparator_align_left\u00bb]\n<ul>\n<li><a href=\"https:\/\/youtu.be\/IAJoFWcpmYo\">https:\/\/youtu.be\/IAJoFWcpmYo<\/a><\/li>\n<\/ul>\n[vc_empty_space][vc_text_separator title=\u00bb5\u00aa Clase\u00bb title_align=\u00bbseparator_align_left\u00bb]\n<ul>\n<li><a href=\"https:\/\/youtu.be\/P1IVxRPQJR4\">https:\/\/youtu.be\/P1IVxRPQJR4<\/a><\/li>\n<\/ul>\n[vc_empty_space][vc_text_separator title=\u00bb6\u00aa Clase\u00bb title_align=\u00bbseparator_align_left\u00bb]\n<ul>\n<li><a href=\"https:\/\/youtu.be\/BEKbspi2NAg\">https:\/\/youtu.be\/BEKbspi2NAg<\/a><\/li>\n<\/ul>\n[vc_empty_space][vc_text_separator title=\u00bb7\u00aa Clase\u00bb title_align=\u00bbseparator_align_left\u00bb]\n<ul>\n<li><a href=\"https:\/\/youtu.be\/BTYsvQgxHeQ\">https:\/\/youtu.be\/BTYsvQgxHeQ<\/a><\/li>\n<\/ul>\n[vc_empty_space][vc_text_separator title=\u00bb8\u00aa Clase\u00bb title_align=\u00bbseparator_align_left\u00bb]\n<ul>\n<li><a href=\"https:\/\/youtu.be\/wmW9C8uROvk\">https:\/\/youtu.be\/wmW9C8uROvk<\/a><\/li>\n<\/ul>\n[vc_empty_space][vc_text_separator title=\u00bb9\u00aa Clase\u00bb title_align=\u00bbseparator_align_left\u00bb]\n<ul>\n<li><a href=\"https:\/\/youtu.be\/djPwuZnfyxg\">https:\/\/youtu.be\/djPwuZnfyxg<\/a><\/li>\n<\/ul>\n[vc_empty_space][vc_text_separator title=\u00bb10\u00aa Clase\u00bb title_align=\u00bbseparator_align_left\u00bb]\n<ul>\n<li><a href=\"https:\/\/youtu.be\/-4VszaD5EFM\">https:\/\/youtu.be\/-4VszaD5EFM<\/a><\/li>\n<\/ul>\n[vc_empty_space][vc_text_separator title=\u00bb11\u00aa Clase\u00bb title_align=\u00bbseparator_align_left\u00bb]\n<ul>\n<li><a href=\"https:\/\/youtu.be\/Lj314w1Lnvw\">https:\/\/youtu.be\/Lj314w1Lnvw<\/a><\/li>\n<\/ul>\n[vc_empty_space][vc_text_separator title=\u00bb12\u00aa Clase\u00bb title_align=\u00bbseparator_align_left\u00bb]\n<ul>\n<li><a href=\"https:\/\/youtu.be\/d-qb7oxX7tM?si=WhsSXrCGCqmMyB-Z\">https:\/\/youtu.be\/d-qb7oxX7tM?si=WhsSXrCGCqmMyB-Z<\/a><\/li>\n<\/ul>\n[vc_empty_space][vc_text_separator title=\u00bb13\u00aa Clase\u00bb title_align=\u00bbseparator_align_left\u00bb]\n<ul>\n<li><a href=\"https:\/\/youtu.be\/_e-lMaGeACk\">https:\/\/youtu.be\/_e-lMaGeACk<\/a><\/li>\n<\/ul>\n[vc_empty_space][vc_text_separator title=\u00bb14\u00aa Clase\u00bb title_align=\u00bbseparator_align_left\u00bb]\n<ul>\n<li><a href=\"https:\/\/youtu.be\/gg7aaP-mj_Q\">https:\/\/youtu.be\/gg7aaP-mj_Q<\/a><\/li>\n<\/ul>\n","protected":false},"excerpt":{"rendered":"<p>Proponemos la lectura sin creencias y sin epistemolog\u00eda m\u00edtica del texto fundacional del Islam por la importancia que tiene esta tradici\u00f3n y por constatar que es posible hoy comprender y sentir su gran riqueza. Leeremos la traducci\u00f3n de Julio Cort\u00e9s (de Ed. Herder).<\/p>\n","protected":false},"author":1,"featured_media":72362,"comment_status":"closed","ping_status":"closed","sticky":false,"template":"","format":"standard","meta":{"_acf_changed":false,"footnotes":""},"categories":[460,151,509,384],"tags":[],"post_series":[],"class_list":["post-72364","post","type-post","status-publish","format-standard","has-post-thumbnail","hentry","category-cursos-online-es-2","category-cursos-online-es","category-islam-es-2","category-islam-es","entry","has-media"],"acf":[],"_links":{"self":[{"href":"https:\/\/cetr.net\/es\/wp-json\/wp\/v2\/posts\/72364","targetHints":{"allow":["GET"]}}],"collection":[{"href":"https:\/\/cetr.net\/es\/wp-json\/wp\/v2\/posts"}],"about":[{"href":"https:\/\/cetr.net\/es\/wp-json\/wp\/v2\/types\/post"}],"author":[{"embeddable":true,"href":"https:\/\/cetr.net\/es\/wp-json\/wp\/v2\/users\/1"}],"replies":[{"embeddable":true,"href":"https:\/\/cetr.net\/es\/wp-json\/wp\/v2\/comments?post=72364"}],"version-history":[{"count":19,"href":"https:\/\/cetr.net\/es\/wp-json\/wp\/v2\/posts\/72364\/revisions"}],"predecessor-version":[{"id":74063,"href":"https:\/\/cetr.net\/es\/wp-json\/wp\/v2\/posts\/72364\/revisions\/74063"}],"wp:featuredmedia":[{"embeddable":true,"href":"https:\/\/cetr.net\/es\/wp-json\/wp\/v2\/media\/72362"}],"wp:attachment":[{"href":"https:\/\/cetr.net\/es\/wp-json\/wp\/v2\/media?parent=72364"}],"wp:term":[{"taxonomy":"category","embeddable":true,"href":"https:\/\/cetr.net\/es\/wp-json\/wp\/v2\/categories?post=72364"},{"taxonomy":"post_tag","embeddable":true,"href":"https:\/\/cetr.net\/es\/wp-json\/wp\/v2\/tags?post=72364"},{"taxonomy":"post_series","embeddable":true,"href":"https:\/\/cetr.net\/es\/wp-json\/wp\/v2\/post_series?post=72364"}],"curies":[{"name":"wp","href":"https:\/\/api.w.org\/{rel}","templated":true}]}}