{"id":72562,"date":"2024-12-20T19:31:58","date_gmt":"2024-12-20T18:31:58","guid":{"rendered":"https:\/\/cetr.net\/noche-oscura-o-dualidad-en-san-juan-de-la-cruz\/"},"modified":"2024-12-31T19:38:12","modified_gmt":"2024-12-31T18:38:12","slug":"noche-oscura-o-dualidad-en-san-juan-de-la-cruz","status":"publish","type":"post","link":"https:\/\/cetr.net\/es\/noche-oscura-o-dualidad-en-san-juan-de-la-cruz\/","title":{"rendered":"Noche oscura o dualidad en San Juan de la Cruz"},"content":{"rendered":"<p>&nbsp;<\/p>\n<p><span style=\"color: #ab2424;\">Jos\u00e9 Amando Robles<\/span><\/p>\n<p style=\"text-align: justify;\">Conocida es la importancia que tiene la noche oscura como experiencia y como tema espiritual en San Juan de la Cruz, tambi\u00e9n considerado con raz\u00f3n uno de los grandes m\u00edsticos cristianos, importancia no sin relaci\u00f3n con el sufrimiento l\u00edmite que se le atribuye, aunque no s\u00f3lo es sufrimiento, tambi\u00e9n se le reconoce ser una experiencia de gozo y dicha: <em>\u00a1oh dichosa ventura!<\/em> De ella va a ser cuesti\u00f3n en este trabajo, teniendo como hip\u00f3tesis que la visi\u00f3n que el santo tiene de la misma se debe a la visi\u00f3n dual que durante mucho tiempo ha tenido de Dios y de su relaci\u00f3n con \u00e9l, y que si su visi\u00f3n de Dios y de su relaci\u00f3n con \u00e9l no fuera dualista sino no-dual, la noche no ser\u00eda tan noche y oscuridad sino gozo y ventura, motivo de supremo inter\u00e9s y atracci\u00f3n, no de rechazo como de hecho sucede, y con raz\u00f3n, por parte del hombre y mujer actuales. Adem\u00e1s, un conocimiento no-dual de lo que llamamos Dios, la realidad como en s\u00ed misma es, vista de una manera totalmente desinteresada, en su dimensi\u00f3n absoluta<a href=\"#_ftn1\" name=\"_ftnref1\">[1]<\/a>, ser\u00eda m\u00e1s cristiano de lo que la experiencia espiritual te\u00edsta cristiana de San Juan de la Cruz parece.<\/p>\n<p>&nbsp;<\/p>\n<ol style=\"text-align: justify;\">\n<li><strong>Noche oscura en San Juan de la Cruz<\/strong><\/li>\n<\/ol>\n<p style=\"text-align: justify;\">La uni\u00f3n del alma (o el ser humano en su dimensi\u00f3n m\u00e1s profunda) con Dios es el objeto, con sus \u00e9nfasis y variantes, de San Juan de la Cruz en sus tres obras mayores, <em>Noche oscura de la subida del Monte Carmelo<\/em>, luego editada en dos (<em>Subida del Monte Carmelo<\/em> y <em>Noche Oscura<\/em>), <em>C\u00e1ntico espiritual<\/em> y <em>Llama de amor viva<a href=\"#_ftn2\" name=\"_ftnref2\"><strong>[2]<\/strong><\/a><\/em>. \u00abUni\u00f3n con Dios por amor\u00bb, como tambi\u00e9n la llamar\u00e1, \u00abuni\u00f3n divina por participaci\u00f3n\u00bb, \u00abdivina uni\u00f3n\u00bb, \u00abuni\u00f3n espiritual o esencial entre el alma y Dios\u00bb, en fin, \u00abel m\u00e1s alto estado de perfecci\u00f3n a que se puede llegar en esta vida\u00bb (C 1, 11), la realizaci\u00f3n m\u00e1xima del ser humano y, por lo tanto, el estado de mayor lucidez y dicha. La noche, la noche oscura, es una situaci\u00f3n de sufrimiento y de dolor, es \u00abla privaci\u00f3n del gusto en el apetito de todas las cosas\u00bb, que \u00abes quedarse como a oscuras sin nada\u00bb (1S 3, 1). Por eso la llama noche, y noche oscura, porque el alma camina a oscuras. Y sin embargo es por ella \u00abpor donde el alma ha de ir a Dios\u00bb (S, <em>Pr\u00f3logo<\/em>, 8), llegar a la uni\u00f3n con \u00e9l y al estado de perfecci\u00f3n. Porque el ser humano, constituido, seg\u00fan San Juan de la Cruz, por dos partes, una inferior, material-sensitiva, y otra superior, racional y espiritual, ambas interesadas y espiritualmente muy limitadas tal como en el cristianismo hist\u00f3ricamente dominante se han venido desarrollando, necesitan ser purgadas, purificadas, y esa es precisamente la funci\u00f3n positiva de la noche o noches oscuras por las que se ha de pasar: purgar y purificar el alma para llegar a la uni\u00f3n y que esta se realice de la manera m\u00e1s humanamente plena posible en este mundo.<\/p>\n<p style=\"text-align: justify;\">La noche oscura como experiencia humana es, pues, la propia de quienes est\u00e1n en estado de uni\u00f3n con Dios, muy valiosa pues, ya sea como <em>principiantes<\/em> ya como <em>aprovechados<\/em>, en el camino del estado de perfecci\u00f3n, no de un estado anterior e inferior. Como principiantes ya han realizado un trayecto importante, pero en un determinado momento, en el intento de profundizar m\u00e1s, se encuentran privados del gusto por el mismo caminar y, sin gusto, caminando a oscuras, de noche. Es como si de pronto se hubiese apagado el gusto por lo que hasta ahora se ven\u00eda espiritualmente considerando y experimentando como muy gratificante, lo m\u00e1s gratificante en la vida: Dios, la uni\u00f3n con \u00e9l, la vida cristiana como vida de fe. Como si un cortocircuito se hubiera producido a nivel de los sentidos, y de entendimiento, memoria y voluntad, tal como estos se ven\u00edan conociendo y experimentando en la uni\u00f3n con Dios; un cortocircuito, la expresi\u00f3n obviamente es nuestra, de mucho sufrimiento, pero necesario seg\u00fan San Juan de la Cruz. Porque es la ocasi\u00f3n necesaria para transformarse, para purgar y purificar la relaci\u00f3n con Dios, comenzando por la visi\u00f3n e inter\u00e9s que se ten\u00edan de \u00e9l. Sin purgaci\u00f3n y purificaci\u00f3n no hay avance. Visi\u00f3n e inter\u00e9s han sido limitados, humanos, tan humanos que en el estado de uni\u00f3n con Dios no funcionan. En el estado de uni\u00f3n con Dios, y m\u00e1s se camina en el estado de perfecci\u00f3n, Dios y la relaci\u00f3n con \u00e9l tienen que ser repensadas y vividas de manera totalmente diferente, totalmente nueva y desinteresadas, en t\u00e9rminos de una gratuidad y trascendencia totales.<\/p>\n<p style=\"text-align: justify;\">Aunque formalmente hablando hay cuatro noches, dos <em>activas<\/em> y dos <em>pasivas<\/em> (1S1, 3) \u2014 siendo <em>activas<\/em> las que tienen por actor principal al ser humano, ya sea considerado este en su dimensi\u00f3n sensitiva o en su dimensi\u00f3n intelectiva, y <em>pasivas<\/em> en las que el actor principal es Dios, manteni\u00e9ndose el ser humano fundamentalmente pasivo y receptivo frente a la actuaci\u00f3n de Dios\u2014, de hecho habitualmente hablando hay tres noches, en el fondo una noche, con tres partes, como nuestra noche planetaria: la primera que es la del sentido, comparable con la primera parte de la noche, en la que perdemos la visi\u00f3n objetual de las cosas, la segunda que es la fe, comparable con la medianoche, totalmente oscura, sin contenido, y la tercera, \u00abel antelucano\u00bb, pr\u00f3ximo a la luz del d\u00eda, no tan oscura como la media noche, porque \u00abya va Dios ilustrando el alma sobrenaturalmente con el rayo de su divina luz\u00bb (2S 2,1).<\/p>\n<p style=\"text-align: justify;\">De acuerdo a esta ejemplificaci\u00f3n la parte m\u00e1s oscura y dolorosa de la noche ser\u00eda la de medianoche o de la fe. Porque en la primera aun trabajan las potencias que San Juan de la Cruz considera superiores, entendimiento, memoria y voluntad, desapareciendo el conocimiento sensitivo. La noche correspondiente a la tercera parte de la noche ya conoce cierta luz y claridad, \u00aben par de los levantes de la aurora\u00bb. La medianoche no conoce ning\u00fan atisbo de luz, es toda oscuridad.<\/p>\n<p style=\"text-align: justify;\">Por ello San Juan de la Cruz distinguir\u00e1 entre noche y oscuridad, tiniebla de los sentidos y tiniebla del esp\u00edritu, declarando a prop\u00f3sito de la primera y segunda canci\u00f3n de la <em>Subida<\/em>: \u00abY es de saber que la primera canci\u00f3n, hablando acerca de la parte sensitiva, dice que sali\u00f3 en <em>noche oscura<\/em>, y aqu\u00ed, hablando acerca de la parte espiritual, dice que sali\u00f3 <em>a oscuras<\/em>, por ser muy mayor la tiniebla de la parte espiritual, as\u00ed como la oscuridad es mayor tiniebla que la de la noche, por oscura que una noche sea, todav\u00eda se ve algo, pero en la oscuridad no se ve nada; y as\u00ed en la <em>Noche del sentido<\/em> todav\u00eda queda alguna luz, porque queda el entendimiento y raz\u00f3n, que no se ciega, pero esta <em>Noche espiritual<\/em>, que es la fe, todo lo priva, as\u00ed en entendimiento como en sentido; y por eso dice el alma en esta que iba <em>a oscuras y segura<\/em>, lo cual no lo dijo en la otra, porque cuanto menos el alma obra con habilidad propia va m\u00e1s segura, va m\u00e1s en fe.\u00bb (2S 1,3)<\/p>\n<p>&nbsp;<\/p>\n<p style=\"text-align: center;\"><a href=\"https:\/\/cetr.net\/wp-content\/uploads\/2024\/12\/NOCHE-OSCURA-O-DUALIDAD-EN-SAN-JUAN-DE-LA-CRUZ.pdf\"><em><span style=\"color: #ad2424;\"><strong>Seguir leyendo: descargar el documento<\/strong><\/span><\/em><\/a><\/p>\n<p>&nbsp;<\/p>\n<p>&nbsp;<\/p>\n<p>&nbsp;<\/p>\n<p>&#8212;&#8212;&#8212;&#8212;&#8212;&#8212;&#8212;&#8212;&#8212;&#8212;&#8212;&#8212;&#8212;&#8212;<\/p>\n<p style=\"text-align: justify;\"><a href=\"#_ftnref1\" name=\"_ftn1\">[1]<\/a> La categor\u00eda dimensi\u00f3n absoluta, y su impl\u00edcita dimensi\u00f3n relativa, la tomamos de Mari\u00e0 Corb\u00ed, categor\u00edas axiol\u00f3gicas fundamentales y muy recurrentes en su obra. Ver las obras (9 en total hasta el presente) que llevan por subt\u00edtulo <em>Principios de Epistemolog\u00eda Axiol\u00f3gica<\/em>, llevando la \u00faltima por t\u00edtulo <em>Las figuras de la dimensi\u00f3n absoluta<\/em>, editada por Bubok Publishing S.L. (www.bubok.es).<\/p>\n<p style=\"text-align: justify;\"><a href=\"#_ftnref2\" name=\"_ftn2\">[2]<\/a> Citaremos estas obras seg\u00fan la edici\u00f3n cr\u00edtica <em>San Juan de la Cruz, Obras Completas<\/em>, BAC, 2\u00aa ed. Madrid 2005, preparada por Lucinio Ruano de la Iglesia, y de acuerdo a las siglas y numerales utilizados por \u00e9l: 1S-2S-3S = Libro 1-2-3 de la <em>Subida<\/em>, 1N-2N = Libro 1-2 de la <em>Noche oscura<\/em> (en estas dos obras citado el libro, los siguientes numerales son cap\u00edtulo y p\u00e1rrafo), C = <em>C\u00e1ntico<\/em> (redacci\u00f3n B), Ll = <em>Llama de amor viva<\/em> (en ambas primer numeral es la estrofa, y segundo es el p\u00e1rrafo).<\/p>\n","protected":false},"excerpt":{"rendered":"<p><span class=\"autor autor_home\">J.Amando  Robles<\/span> Compartimos un estudio de J.A. Robles sobre la noche oscura como experiencia y como tema espiritual en San Juan de la Cruz. Noche que es sufrimiento pero tambi\u00e9n  experiencia de gozo y dicha. Robles parte de la hip\u00f3tesis que la percepci\u00f3n que el santo tiene de la misma se debe a la visi\u00f3n dual que durante mucho tiempo ha tenido de Dios y de su relaci\u00f3n con \u00e9l, y que si su visi\u00f3n de Dios y de su relaci\u00f3n con \u00e9l no fuera dualista sino no-dual, la noche no ser\u00eda tan noche y oscuridad sino gozo y ventura\u2026<\/p>\n","protected":false},"author":1,"featured_media":72553,"comment_status":"closed","ping_status":"closed","sticky":false,"template":"","format":"standard","meta":{"_acf_changed":false,"footnotes":""},"categories":[456,145,158,454],"tags":[],"post_series":[],"class_list":["post-72562","post","type-post","status-publish","format-standard","has-post-thumbnail","hentry","category-articles-es","category-articulos","category-la-sabiduria-en","category-la-saviesa-a-es","entry","has-media"],"acf":[],"_links":{"self":[{"href":"https:\/\/cetr.net\/es\/wp-json\/wp\/v2\/posts\/72562","targetHints":{"allow":["GET"]}}],"collection":[{"href":"https:\/\/cetr.net\/es\/wp-json\/wp\/v2\/posts"}],"about":[{"href":"https:\/\/cetr.net\/es\/wp-json\/wp\/v2\/types\/post"}],"author":[{"embeddable":true,"href":"https:\/\/cetr.net\/es\/wp-json\/wp\/v2\/users\/1"}],"replies":[{"embeddable":true,"href":"https:\/\/cetr.net\/es\/wp-json\/wp\/v2\/comments?post=72562"}],"version-history":[{"count":2,"href":"https:\/\/cetr.net\/es\/wp-json\/wp\/v2\/posts\/72562\/revisions"}],"predecessor-version":[{"id":72564,"href":"https:\/\/cetr.net\/es\/wp-json\/wp\/v2\/posts\/72562\/revisions\/72564"}],"wp:featuredmedia":[{"embeddable":true,"href":"https:\/\/cetr.net\/es\/wp-json\/wp\/v2\/media\/72553"}],"wp:attachment":[{"href":"https:\/\/cetr.net\/es\/wp-json\/wp\/v2\/media?parent=72562"}],"wp:term":[{"taxonomy":"category","embeddable":true,"href":"https:\/\/cetr.net\/es\/wp-json\/wp\/v2\/categories?post=72562"},{"taxonomy":"post_tag","embeddable":true,"href":"https:\/\/cetr.net\/es\/wp-json\/wp\/v2\/tags?post=72562"},{"taxonomy":"post_series","embeddable":true,"href":"https:\/\/cetr.net\/es\/wp-json\/wp\/v2\/post_series?post=72562"}],"curies":[{"name":"wp","href":"https:\/\/api.w.org\/{rel}","templated":true}]}}