{"id":72662,"date":"2025-01-27T18:26:11","date_gmt":"2025-01-27T17:26:11","guid":{"rendered":"https:\/\/cetr.net\/entrevistes-i-dialegs-amb-maria-corbi\/"},"modified":"2025-01-30T18:30:07","modified_gmt":"2025-01-30T17:30:07","slug":"entrevistes-i-dialegs-amb-maria-corbi","status":"publish","type":"post","link":"https:\/\/cetr.net\/es\/entrevistes-i-dialegs-amb-maria-corbi\/","title":{"rendered":"ENTREVISTAS Y DI\u00c1LOGOS CON MARI\u00c0 CORB\u00cd"},"content":{"rendered":"<div class=\"wpb-content-wrapper\">[vc_row center_row=\u00bb\u00bb][vc_column]<div class=\"vcex-module vcex-blog-grid-wrap wpex-clr\"><div class=\"wpex-row vcex-blog-grid wpex-clr entries left-thumbs\"><div class=\"vcex-blog-entry vcex-grid-item entry-has-details span_1_of_1 col-1 col entry post-73959 type-post has-media cat-572 cat-151 cat-575 translation_priority-535\"><div class=\"vcex-blog-entry-inner entry-inner wpex-first-mt-0 wpex-last-mb-0 wpex-md-flex wpex-md-flex-wrap wpex-md-justify-between\"><div class=\"vcex-blog-entry-media entry-media wpex-relative wpex-mb-20 wpex-md-mb-0\"><a href=\"https:\/\/cetr.net\/es\/seminario-de-introduccion-al-pensamiento-de-maria-corbi-y-la-epistemologia-axiologica\/\" title=\"Seminario de introducci\u00f3n al pensamiento de Mari\u00e0 Corb\u00ed y la Epistemolog\u00eda Axiol\u00f3gica\"><img width=\"491\" height=\"508\" src=\"https:\/\/cetr.net\/wp-content\/uploads\/2025\/10\/maria_corbi_1.png\" class=\"vcex-blog-entry-img wpex-align-middle\" alt=\"\" loading=\"lazy\" decoding=\"async\" srcset=\"https:\/\/cetr.net\/wp-content\/uploads\/2025\/10\/maria_corbi_1.png 491w, https:\/\/cetr.net\/wp-content\/uploads\/2025\/10\/maria_corbi_1-290x300.png 290w\" sizes=\"auto, (max-width: 491px) 100vw, 491px\" \/><\/a><\/div><div class=\"vcex-blog-entry-details entry-details wpex-first-mt-0 wpex-last-mb-0 wpex-clr\"><h2 class=\"vcex-blog-entry-title entry-title wpex-text-2xl wpex-mb-5\"><a href=\"https:\/\/cetr.net\/es\/seminario-de-introduccion-al-pensamiento-de-maria-corbi-y-la-epistemologia-axiologica\/\">Seminario de introducci\u00f3n al pensamiento de Mari\u00e0 Corb\u00ed y la Epistemolog\u00eda Axiol\u00f3gica<\/a><\/h2><div class=\"vcex-blog-entry-excerpt entry-excerpt wpex-my-15 wpex-text-pretty wpex-last-mb-0 wpex-clr\"><p>Vivimos en una \u00e9poca de cambio acelerado. Las sociedades de conocimiento, sostenidas por la ciencia y la tecnolog\u00eda, han dejado atr\u00e1s las antiguas formas de organizaci\u00f3n simb\u00f3lica, los mitos y las religiones que durante milenios dieron sentido y cohesi\u00f3n a la vida humana. Esta transformaci\u00f3n ha tra\u00eddo libertad, autonom\u00eda y creatividad, pero tambi\u00e9n un vac\u00edo de sentido. A lo largo de las dos sesiones, exploraremos los fundamentos antropol\u00f3gicos, culturales y epistemol\u00f3gicos que sustentan su visi\u00f3n.<\/p><\/div><div class=\"vcex-blog-entry-readmore-wrap entry-readmore-wrap wpex-my-15 wpex-clr\"><a href=\"https:\/\/cetr.net\/es\/seminario-de-introduccion-al-pensamiento-de-maria-corbi-y-la-epistemologia-axiologica\/\" class=\"entry-readmore theme-button\" aria-label=\"Accedir a les classes about Seminario de introducci\u00f3n al pensamiento de Mari\u00e0 Corb\u00ed y la Epistemolog\u00eda Axiol\u00f3gica\">Accedir a les classes<\/a><\/div><\/div><\/div><\/div><div class=\"vcex-blog-entry vcex-grid-item entry-has-details span_1_of_1 col-1 col entry post-72731 type-post has-media cat-575 cat-572 cat-151 translation_priority-535\"><div class=\"vcex-blog-entry-inner entry-inner wpex-first-mt-0 wpex-last-mb-0 wpex-md-flex wpex-md-flex-wrap wpex-md-justify-between\"><div class=\"vcex-blog-entry-media entry-media wpex-relative wpex-mb-20 wpex-md-mb-0\"><a href=\"https:\/\/cetr.net\/es\/dialegs-entre-maria-corbi-i-america-llatina\/\" title=\"Di\u00e1logos entre Mari\u00e0 Corb\u00ed y Am\u00e9rica Latina\"><img width=\"1280\" height=\"720\" src=\"https:\/\/cetr.net\/wp-content\/uploads\/2025\/02\/DIALOGOS.png\" class=\"vcex-blog-entry-img wpex-align-middle\" alt=\"\" loading=\"lazy\" decoding=\"async\" srcset=\"https:\/\/cetr.net\/wp-content\/uploads\/2025\/02\/DIALOGOS.png 1280w, https:\/\/cetr.net\/wp-content\/uploads\/2025\/02\/DIALOGOS-300x169.png 300w, https:\/\/cetr.net\/wp-content\/uploads\/2025\/02\/DIALOGOS-1024x576.png 1024w, https:\/\/cetr.net\/wp-content\/uploads\/2025\/02\/DIALOGOS-768x432.png 768w\" sizes=\"auto, (max-width: 1280px) 100vw, 1280px\" \/><\/a><\/div><div class=\"vcex-blog-entry-details entry-details wpex-first-mt-0 wpex-last-mb-0 wpex-clr\"><h2 class=\"vcex-blog-entry-title entry-title wpex-text-2xl wpex-mb-5\"><a href=\"https:\/\/cetr.net\/es\/dialegs-entre-maria-corbi-i-america-llatina\/\">Di\u00e1logos entre Mari\u00e0 Corb\u00ed y Am\u00e9rica Latina<\/a><\/h2><div class=\"vcex-blog-entry-excerpt entry-excerpt wpex-my-15 wpex-text-pretty wpex-last-mb-0 wpex-clr\"><p>La serie documental \u00abDi\u00e1logos entre Mari\u00e0 Corb\u00ed y Am\u00e9rica Latina\u00bb es una iniciativa de la investigadora Dra. Milene Costa, que estudia la Epistemolog\u00eda Axiol\u00f3gica de Mari\u00e0 Corb\u00ed. La Dra. Milene Costa es brasile\u00f1a y realiz\u00f3 su tesis doctoral bajo la direcci\u00f3n del propio Corb\u00ed en Espa\u00f1a entre el a\u00f1o 2021 - 2023.<\/p><\/div><div class=\"vcex-blog-entry-readmore-wrap entry-readmore-wrap wpex-my-15 wpex-clr\"><a href=\"https:\/\/cetr.net\/es\/dialegs-entre-maria-corbi-i-america-llatina\/\" class=\"entry-readmore theme-button\" aria-label=\"Accedir a les classes about Di\u00e1logos entre Mari\u00e0 Corb\u00ed y Am\u00e9rica Latina\">Accedir a les classes<\/a><\/div><\/div><\/div><\/div><div class=\"vcex-blog-entry vcex-grid-item entry-has-details span_1_of_1 col-1 col entry post-67070 type-post has-media cat-151 cat-144 cat-572 translation_priority-535\"><div class=\"vcex-blog-entry-inner entry-inner wpex-first-mt-0 wpex-last-mb-0 wpex-md-flex wpex-md-flex-wrap wpex-md-justify-between\"><div class=\"vcex-blog-entry-media entry-media wpex-relative wpex-mb-20 wpex-md-mb-0\"><a href=\"https:\/\/cetr.net\/es\/por-los-caminos-del-silencio-dialegs-amb-maria-corbi\/\" title=\"Por los Caminos del Silencio: Di\u00e0legs amb Mari\u00e0 Corb\u00ed\"><img width=\"1654\" height=\"945\" src=\"https:\/\/cetr.net\/wp-content\/uploads\/2020\/10\/12-CAMINOS-ESP.jpg\" class=\"vcex-blog-entry-img wpex-align-middle\" alt=\"\" loading=\"lazy\" decoding=\"async\" srcset=\"https:\/\/cetr.net\/wp-content\/uploads\/2020\/10\/12-CAMINOS-ESP.jpg 1654w, https:\/\/cetr.net\/wp-content\/uploads\/2020\/10\/12-CAMINOS-ESP-300x171.jpg 300w, https:\/\/cetr.net\/wp-content\/uploads\/2020\/10\/12-CAMINOS-ESP-1024x585.jpg 1024w, https:\/\/cetr.net\/wp-content\/uploads\/2020\/10\/12-CAMINOS-ESP-768x439.jpg 768w, https:\/\/cetr.net\/wp-content\/uploads\/2020\/10\/12-CAMINOS-ESP-1536x878.jpg 1536w\" sizes=\"auto, (max-width: 1654px) 100vw, 1654px\" \/><\/a><\/div><div class=\"vcex-blog-entry-details entry-details wpex-first-mt-0 wpex-last-mb-0 wpex-clr\"><h2 class=\"vcex-blog-entry-title entry-title wpex-text-2xl wpex-mb-5\"><a href=\"https:\/\/cetr.net\/es\/por-los-caminos-del-silencio-dialegs-amb-maria-corbi\/\">Por los Caminos del Silencio: Di\u00e0legs amb Mari\u00e0 Corb\u00ed<\/a><\/h2><div class=\"vcex-blog-entry-excerpt entry-excerpt wpex-my-15 wpex-text-pretty wpex-last-mb-0 wpex-clr\"><p>\u201c\u00bfPor qu\u00e9 no pedirle al autor si nos puede aclarar las dudas y preguntas que se nos plantean a partir de la lectura del libro?\u201d\u00a0As\u00ed surgi\u00f3 esta propuesta que se concretar\u00e1 en tres sesiones de di\u00e1logo con Mari\u00e0 Corb\u00ed sobre una obra que explora la no entidad del yo, las dos dimensiones de la realidad, el sentido de la muerte o del tiempo, entre otros temas.<\/p><\/div><div class=\"vcex-blog-entry-readmore-wrap entry-readmore-wrap wpex-my-15 wpex-clr\"><a href=\"https:\/\/cetr.net\/es\/por-los-caminos-del-silencio-dialegs-amb-maria-corbi\/\" class=\"entry-readmore theme-button\" aria-label=\"Accedir a les classes about Por los Caminos del Silencio: Di\u00e0legs amb Mari\u00e0 Corb\u00ed\">Accedir a les classes<\/a><\/div><\/div><\/div><\/div><\/div><\/div>[\/vc_column][\/vc_row]\n<\/div>","protected":false},"excerpt":{"rendered":"<p>[vc_row center_row=\u00bb\u00bb][vc_column][\/vc_column][\/vc_row]<\/p>\n","protected":false},"author":1,"featured_media":72664,"comment_status":"closed","ping_status":"closed","sticky":false,"template":"","format":"standard","meta":{"_acf_changed":false,"footnotes":""},"categories":[151,460],"tags":[],"post_series":[],"class_list":["post-72662","post","type-post","status-publish","format-standard","has-post-thumbnail","hentry","category-cursos-online-es","category-cursos-online-es-2","entry","has-media"],"acf":[],"_links":{"self":[{"href":"https:\/\/cetr.net\/es\/wp-json\/wp\/v2\/posts\/72662","targetHints":{"allow":["GET"]}}],"collection":[{"href":"https:\/\/cetr.net\/es\/wp-json\/wp\/v2\/posts"}],"about":[{"href":"https:\/\/cetr.net\/es\/wp-json\/wp\/v2\/types\/post"}],"author":[{"embeddable":true,"href":"https:\/\/cetr.net\/es\/wp-json\/wp\/v2\/users\/1"}],"replies":[{"embeddable":true,"href":"https:\/\/cetr.net\/es\/wp-json\/wp\/v2\/comments?post=72662"}],"version-history":[{"count":3,"href":"https:\/\/cetr.net\/es\/wp-json\/wp\/v2\/posts\/72662\/revisions"}],"predecessor-version":[{"id":72706,"href":"https:\/\/cetr.net\/es\/wp-json\/wp\/v2\/posts\/72662\/revisions\/72706"}],"wp:featuredmedia":[{"embeddable":true,"href":"https:\/\/cetr.net\/es\/wp-json\/wp\/v2\/media\/72664"}],"wp:attachment":[{"href":"https:\/\/cetr.net\/es\/wp-json\/wp\/v2\/media?parent=72662"}],"wp:term":[{"taxonomy":"category","embeddable":true,"href":"https:\/\/cetr.net\/es\/wp-json\/wp\/v2\/categories?post=72662"},{"taxonomy":"post_tag","embeddable":true,"href":"https:\/\/cetr.net\/es\/wp-json\/wp\/v2\/tags?post=72662"},{"taxonomy":"post_series","embeddable":true,"href":"https:\/\/cetr.net\/es\/wp-json\/wp\/v2\/post_series?post=72662"}],"curies":[{"name":"wp","href":"https:\/\/api.w.org\/{rel}","templated":true}]}}