{"id":72731,"date":"2025-02-04T18:06:31","date_gmt":"2025-02-04T17:06:31","guid":{"rendered":"https:\/\/cetr.net\/dialegs-entre-maria-corbi-i-america-llatina\/"},"modified":"2025-03-03T16:09:50","modified_gmt":"2025-03-03T15:09:50","slug":"dialegs-entre-maria-corbi-i-america-llatina","status":"publish","type":"post","link":"https:\/\/cetr.net\/es\/dialegs-entre-maria-corbi-i-america-llatina\/","title":{"rendered":"Di\u00e1logos entre Mari\u00e0 Corb\u00ed y Am\u00e9rica Latina"},"content":{"rendered":"<p>La serie documental \u00abDi\u00e1logos entre Mari\u00e0 Corb\u00ed y Am\u00e9rica Latina\u00bb es una iniciativa de la investigadora Dra. Milene Costa, que estudia la Epistemolog\u00eda Axiol\u00f3gica de Mari\u00e0 Corb\u00ed. La Dra. Milene Costa es brasile\u00f1a y realiz\u00f3 su tesis doctoral bajo la direcci\u00f3n del propio Corb\u00ed en Espa\u00f1a entre el a\u00f1o 2021 &#8211; 2023.<\/p>\n<p>Para producir esta serie documental, la Dra. Milene Costa invita a la productora y periodista Raquel Alvarez, con el objetivo de crear una fuente de documentaci\u00f3n digital sobre la investigaci\u00f3n del autor.<\/p>\n<p>En 2024, la Dra. Milene Costa y la productora Raquel Alvarez se desplazaron a Catalu\u00f1a para realizar las entrevistas con Corb\u00ed. Tambi\u00e9n participa en las grabaciones la Dra. Marta Gran\u00e9s, la Dra. Teresa Guardans y el investigador mexicano H\u00e9ctor G\u00f3mez Mora.<\/p>\n<p>Todo el contenido de las entrevistas es editado y finalizado en Brasil por las empresas Ser e Pertencer y Caturra Filmes. La Ser e Pertencer es una escuela que ofrece actividades para cultivar la cualidad humana profunda a trav\u00e9s de la lectura simb\u00f3lica de textos de sabidur\u00eda, y la Caturra Filmes es una productora especializada en producciones documentales nacionales e internacionales.<\/p>\n<p>Todos los contenidos de la serie pueden verse en los canales de YouTube<\/p>\n<p>Milene Costa &#8211; vida em conex\u00e3o;<br \/>\nCaturra Filmes;<br \/>\nCetr bcn (Barcelona).<\/p>\n<p>Para m\u00e1s informaci\u00f3n<br \/>\n<a href=\"mailto:milene@serepertencer.com.br\">milene@serepertencer.com.br<\/a><\/p>\n[vc_empty_space][vc_text_separator title=\u00bbEP. 1 El ser humano y la realidad \u00bb title_align=\u00bbseparator_align_left\u00bb]\n<ul>\n<li><a href=\"https:\/\/youtu.be\/F384AZRXAPE\">https:\/\/youtu.be\/F384AZRXAPE<\/a><\/li>\n<\/ul>\n[vc_empty_space][vc_text_separator title=\u00bbEP. 2 El cultivo de la sabidur\u00eda\u00bb title_align=\u00bbseparator_align_left\u00bb]\n<ul>\n<li><a href=\"https:\/\/youtu.be\/Kb-X2dim2uE\">https:\/\/youtu.be\/Kb-X2dim2uE<\/a><\/li>\n<\/ul>\n[vc_empty_space][vc_text_separator title=\u00bbEP. 3 El conocimiento entre la religi\u00f3n y la ciencia\u00bb title_align=\u00bbseparator_align_left\u00bb]\n<ul>\n<li><a href=\"https:\/\/youtu.be\/RSFV1xaLYi4\">https:\/\/youtu.be\/RSFV1xaLYi4<\/a><\/li>\n<\/ul>\n[vc_empty_space][vc_text_separator title=\u00bbEP. 4 Los proyectos de valores colectivos.\u00bb title_align=\u00bbseparator_align_left\u00bb]\n<ul>\n<li><a href=\"https:\/\/youtu.be\/VzrjJ_2p7bM\">https:\/\/youtu.be\/VzrjJ_2p7bM<\/a><\/li>\n<\/ul>\n[vc_empty_space][vc_text_separator title=\u00bbEP. 5 Ser capaz de sentir la realidad.\u00bb title_align=\u00bbseparator_align_left\u00bb]\n<ul>\n<li><a href=\"https:\/\/youtu.be\/YwIo11vHNQs\">https:\/\/youtu.be\/YwIo11vHNQs<\/a><\/li>\n<\/ul>\n","protected":false},"excerpt":{"rendered":"<p>La serie documental \u00abDi\u00e1logos entre Mari\u00e0 Corb\u00ed y Am\u00e9rica Latina\u00bb es una iniciativa de la investigadora Dra. Milene Costa, que estudia la Epistemolog\u00eda Axiol\u00f3gica de Mari\u00e0 Corb\u00ed. La Dra. Milene Costa es brasile\u00f1a y realiz\u00f3 su tesis doctoral bajo la direcci\u00f3n del propio Corb\u00ed en Espa\u00f1a entre el a\u00f1o 2021 &#8211; 2023.<\/p>\n","protected":false},"author":1,"featured_media":72726,"comment_status":"closed","ping_status":"closed","sticky":false,"template":"","format":"standard","meta":{"_acf_changed":false,"footnotes":""},"categories":[575,572],"tags":[],"post_series":[],"class_list":["post-72731","post","type-post","status-publish","format-standard","has-post-thumbnail","hentry","category-entrevistes-maria-corbi-2-es","category-entrevistes-maria-corbi","entry","has-media"],"acf":[],"_links":{"self":[{"href":"https:\/\/cetr.net\/es\/wp-json\/wp\/v2\/posts\/72731","targetHints":{"allow":["GET"]}}],"collection":[{"href":"https:\/\/cetr.net\/es\/wp-json\/wp\/v2\/posts"}],"about":[{"href":"https:\/\/cetr.net\/es\/wp-json\/wp\/v2\/types\/post"}],"author":[{"embeddable":true,"href":"https:\/\/cetr.net\/es\/wp-json\/wp\/v2\/users\/1"}],"replies":[{"embeddable":true,"href":"https:\/\/cetr.net\/es\/wp-json\/wp\/v2\/comments?post=72731"}],"version-history":[{"count":6,"href":"https:\/\/cetr.net\/es\/wp-json\/wp\/v2\/posts\/72731\/revisions"}],"predecessor-version":[{"id":72836,"href":"https:\/\/cetr.net\/es\/wp-json\/wp\/v2\/posts\/72731\/revisions\/72836"}],"wp:featuredmedia":[{"embeddable":true,"href":"https:\/\/cetr.net\/es\/wp-json\/wp\/v2\/media\/72726"}],"wp:attachment":[{"href":"https:\/\/cetr.net\/es\/wp-json\/wp\/v2\/media?parent=72731"}],"wp:term":[{"taxonomy":"category","embeddable":true,"href":"https:\/\/cetr.net\/es\/wp-json\/wp\/v2\/categories?post=72731"},{"taxonomy":"post_tag","embeddable":true,"href":"https:\/\/cetr.net\/es\/wp-json\/wp\/v2\/tags?post=72731"},{"taxonomy":"post_series","embeddable":true,"href":"https:\/\/cetr.net\/es\/wp-json\/wp\/v2\/post_series?post=72731"}],"curies":[{"name":"wp","href":"https:\/\/api.w.org\/{rel}","templated":true}]}}