{"id":73184,"date":"2025-07-07T16:57:25","date_gmt":"2025-07-07T14:57:25","guid":{"rendered":"https:\/\/cetr.net\/14-taller-de-silenci\/"},"modified":"2025-07-08T18:54:54","modified_gmt":"2025-07-08T16:54:54","slug":"14-taller-de-silenci","status":"publish","type":"post","link":"https:\/\/cetr.net\/es\/14-taller-de-silenci\/","title":{"rendered":"14. TALLER DE SILENCIO"},"content":{"rendered":"<p>a cargo de Teresa Guardans<\/p>\n<p>Un encuentro mensual de pr\u00e1ctica de silencio y meditaci\u00f3n, que ofrece la posibilidad de explorar recursos al servicio del trabajo interior, y entrar en contacto con textos que orientan sobre el cultivo de<br \/>\nla calidad humana. Con el objetivo de que el tiempo y los materiales compartidos puedan enriquecer el trabajo de cada uno durante las semanas siguientes, hasta el pr\u00f3ximo encuentro.<\/p>\n<p>Los terceros martes de mes, de 19:00 a 20:00h.<br \/>\nInicio: 16 de septiembre<br \/>\nPresencial<br \/>\nAportaci\u00f3n voluntaria.<\/p>\n<p style=\"text-align: center;\"><span style=\"font-size: 24px; color: #993300;\">Inscripci\u00f3n electr\u00f3nica para realizar el curso:<\/span><\/p>\n<p>Puede inscribirse en este curso envi\u00e1ndonos un mensaje a\u00a0jm.bobadilla@cetr.net<br \/>\nCuando nos env\u00ede el correo, por favor, recuerde indicar su nombre y el t\u00edtulo del curso o n\u00ba del curso que encontrar\u00e1s en el programa.<br \/>\nForma de pago: La aportaci\u00f3n se puede realizar mediante transferencia bancaria a la cuenta de Banco Sabadell: ES79 0081 5119 6800 0108 8609<\/p>\n<p>Es muy importante indicar el nombre completo de la persona inscrita en el concepto de la transferencia y el t\u00edtulo del curso o n\u00ba del curso.<br \/>\nAdem\u00e1s, si el sistema de tu banco online lo permite, puedes enviarnos la notificaci\u00f3n de transferencia, disponible al final de la operaci\u00f3n de transferencia a evacetr@gmail.com<br \/>\nUna vez se haya inscrito y haya realizado la transferencia, recibir\u00e1 un mensaje con la confirmaci\u00f3n de la inscripci\u00f3n y tres d\u00edas antes del inicio del curso las instrucciones para acceder al curso en directo.<\/p>\n","protected":false},"excerpt":{"rendered":"<p><span class=\"autor\">Teresa Guardans<\/span><br \/>\nLos terceros martes de mes, de 19:00 a 20:00h.<br \/>\nInicio: 16 de septiembre<br \/>\nPresencial<\/p>\n","protected":false},"author":1,"featured_media":73267,"comment_status":"closed","ping_status":"closed","sticky":false,"template":"","format":"standard","meta":{"_acf_changed":false,"footnotes":""},"categories":[223,243,402,249,250,251],"tags":[],"post_series":[],"class_list":["post-73184","post","type-post","status-publish","format-standard","has-post-thumbnail","hentry","category-agenda-y-actividades","category-cursos-activos","category-cursos-i-activitats-es","category-primer-trimestre-es","category-segundo-trimestre","category-tercer-trimestre-es","entry","has-media"],"acf":[],"_links":{"self":[{"href":"https:\/\/cetr.net\/es\/wp-json\/wp\/v2\/posts\/73184","targetHints":{"allow":["GET"]}}],"collection":[{"href":"https:\/\/cetr.net\/es\/wp-json\/wp\/v2\/posts"}],"about":[{"href":"https:\/\/cetr.net\/es\/wp-json\/wp\/v2\/types\/post"}],"author":[{"embeddable":true,"href":"https:\/\/cetr.net\/es\/wp-json\/wp\/v2\/users\/1"}],"replies":[{"embeddable":true,"href":"https:\/\/cetr.net\/es\/wp-json\/wp\/v2\/comments?post=73184"}],"version-history":[{"count":2,"href":"https:\/\/cetr.net\/es\/wp-json\/wp\/v2\/posts\/73184\/revisions"}],"predecessor-version":[{"id":73353,"href":"https:\/\/cetr.net\/es\/wp-json\/wp\/v2\/posts\/73184\/revisions\/73353"}],"wp:featuredmedia":[{"embeddable":true,"href":"https:\/\/cetr.net\/es\/wp-json\/wp\/v2\/media\/73267"}],"wp:attachment":[{"href":"https:\/\/cetr.net\/es\/wp-json\/wp\/v2\/media?parent=73184"}],"wp:term":[{"taxonomy":"category","embeddable":true,"href":"https:\/\/cetr.net\/es\/wp-json\/wp\/v2\/categories?post=73184"},{"taxonomy":"post_tag","embeddable":true,"href":"https:\/\/cetr.net\/es\/wp-json\/wp\/v2\/tags?post=73184"},{"taxonomy":"post_series","embeddable":true,"href":"https:\/\/cetr.net\/es\/wp-json\/wp\/v2\/post_series?post=73184"}],"curies":[{"name":"wp","href":"https:\/\/api.w.org\/{rel}","templated":true}]}}