{"id":73186,"date":"2025-07-07T17:01:23","date_gmt":"2025-07-07T15:01:23","guid":{"rendered":"https:\/\/cetr.net\/12-el-taller-dels-dilluns\/"},"modified":"2025-07-08T18:53:06","modified_gmt":"2025-07-08T16:53:06","slug":"12-el-taller-dels-dilluns","status":"publish","type":"post","link":"https:\/\/cetr.net\/es\/12-el-taller-dels-dilluns\/","title":{"rendered":"12. EL TALLER DE LOS LUNES"},"content":{"rendered":"<p>a cargo de Salvador Junc\u00e0, Teresa Guardans y Maria Fradera<\/p>\n<p>Un espacio, en forma de taller, que busca favorecer el intercambio y la profundizaci\u00f3n personal en lo que se refiere al cultivo de la cualidad humana. Para facilitar la din\u00e1mica del grupo, este taller se<br \/>\nofrece a aquellas personas que ya han participado previamente en alguna de las actividades del Centro.<\/p>\n<p>Los lunes de 17:30 a 19:00 h.<br \/>\nInicio: 22 de septiembre.<br \/>\nPresencial<br \/>\nAportaci\u00f3n: 100\u20ac (fraccionable)<\/p>\n<p style=\"text-align: center;\"><span style=\"font-size: 24px; color: #993300;\">Inscripci\u00f3n electr\u00f3nica para realizar el curso:<\/span><\/p>\n<p>Puede inscribirse en este curso envi\u00e1ndonos un mensaje a\u00a0jm.bobadilla@cetr.net<br \/>\nCuando nos env\u00ede el correo, por favor, recuerde indicar su nombre y el t\u00edtulo del curso o n\u00ba del curso que encontrar\u00e1s en el programa.<br \/>\nForma de pago: La aportaci\u00f3n se puede realizar mediante transferencia bancaria a la cuenta de Banco Sabadell: ES79 0081 5119 6800 0108 8609<\/p>\n<p>Es muy importante indicar el nombre completo de la persona inscrita en el concepto de la transferencia y el t\u00edtulo del curso o n\u00ba del curso.<br \/>\nAdem\u00e1s, si el sistema de tu banco online lo permite, puedes enviarnos la notificaci\u00f3n de transferencia, disponible al final de la operaci\u00f3n de transferencia a evacetr@gmail.com<br \/>\nUna vez se haya inscrito y haya realizado la transferencia, recibir\u00e1 un mensaje con la confirmaci\u00f3n de la inscripci\u00f3n y tres d\u00edas antes del inicio del curso las instrucciones para acceder al curso en directo.<\/p>\n","protected":false},"excerpt":{"rendered":"<p><span class=\"autor\">Salvador Junc\u00e0 - Maria Fradera - Teresa Guardans<\/span><br \/>\nLos lunes de 17:30 a 19:00 h.<br \/>\nInicio: 22 de septiembre.<br \/>\nPresencial<\/p>\n","protected":false},"author":1,"featured_media":73261,"comment_status":"closed","ping_status":"closed","sticky":false,"template":"","format":"standard","meta":{"_acf_changed":false,"footnotes":""},"categories":[223,243,402,249,250,251],"tags":[],"post_series":[],"class_list":["post-73186","post","type-post","status-publish","format-standard","has-post-thumbnail","hentry","category-agenda-y-actividades","category-cursos-activos","category-cursos-i-activitats-es","category-primer-trimestre-es","category-segundo-trimestre","category-tercer-trimestre-es","entry","has-media"],"acf":[],"_links":{"self":[{"href":"https:\/\/cetr.net\/es\/wp-json\/wp\/v2\/posts\/73186","targetHints":{"allow":["GET"]}}],"collection":[{"href":"https:\/\/cetr.net\/es\/wp-json\/wp\/v2\/posts"}],"about":[{"href":"https:\/\/cetr.net\/es\/wp-json\/wp\/v2\/types\/post"}],"author":[{"embeddable":true,"href":"https:\/\/cetr.net\/es\/wp-json\/wp\/v2\/users\/1"}],"replies":[{"embeddable":true,"href":"https:\/\/cetr.net\/es\/wp-json\/wp\/v2\/comments?post=73186"}],"version-history":[{"count":3,"href":"https:\/\/cetr.net\/es\/wp-json\/wp\/v2\/posts\/73186\/revisions"}],"predecessor-version":[{"id":73351,"href":"https:\/\/cetr.net\/es\/wp-json\/wp\/v2\/posts\/73186\/revisions\/73351"}],"wp:featuredmedia":[{"embeddable":true,"href":"https:\/\/cetr.net\/es\/wp-json\/wp\/v2\/media\/73261"}],"wp:attachment":[{"href":"https:\/\/cetr.net\/es\/wp-json\/wp\/v2\/media?parent=73186"}],"wp:term":[{"taxonomy":"category","embeddable":true,"href":"https:\/\/cetr.net\/es\/wp-json\/wp\/v2\/categories?post=73186"},{"taxonomy":"post_tag","embeddable":true,"href":"https:\/\/cetr.net\/es\/wp-json\/wp\/v2\/tags?post=73186"},{"taxonomy":"post_series","embeddable":true,"href":"https:\/\/cetr.net\/es\/wp-json\/wp\/v2\/post_series?post=73186"}],"curies":[{"name":"wp","href":"https:\/\/api.w.org\/{rel}","templated":true}]}}