{"id":73188,"date":"2025-07-07T17:02:49","date_gmt":"2025-07-07T15:02:49","guid":{"rendered":"https:\/\/cetr.net\/11-efecte-de-les-pantalles-en-les-nostres-ments\/"},"modified":"2025-07-08T18:52:43","modified_gmt":"2025-07-08T16:52:43","slug":"11-efecte-de-les-pantalles-en-les-nostres-ments","status":"publish","type":"post","link":"https:\/\/cetr.net\/es\/11-efecte-de-les-pantalles-en-les-nostres-ments\/","title":{"rendered":"11. EFECTO DE LAS PANTALLAS  EN NUESTRAS MENTES"},"content":{"rendered":"<p>a cargo de \u00d3scar Puigardeu<\/p>\n<p>Reflexi\u00f3n sobre el impacto de las nuevas tecnolog\u00edas en el desarrollo de los ni\u00f1os y las habilidades cognitivas y sociales de los adultos, profundizando sobre su impacto en la salud mental.<br \/>\nContenidos: efectos de las nuevas tecnolog\u00edas en los procesos del desarrollo, en los procesos atencionales y en las habilidades sociales. Uso, abuso y adicci\u00f3n a las nuevas tecnolog\u00edas. Nuevas tecnolog\u00edas y salud mental.<\/p>\n<p>Viernes, 8 de mayo<br \/>\nde 18:00 a 19:30 h. Online<br \/>\nAportaci\u00f3n voluntaria<\/p>\n<p style=\"text-align: center;\"><span style=\"font-size: 24px; color: #993300;\">Inscripci\u00f3n electr\u00f3nica para realizar el curso:<\/span><\/p>\n<p>Puede inscribirse en este curso envi\u00e1ndonos un mensaje a\u00a0jm.bobadilla@cetr.net<br \/>\nCuando nos env\u00ede el correo, por favor, recuerde indicar su nombre y el t\u00edtulo del curso o n\u00ba del curso que encontrar\u00e1s en el programa.<br \/>\nForma de pago: La aportaci\u00f3n se puede realizar mediante transferencia bancaria a la cuenta de Banco Sabadell: ES79 0081 5119 6800 0108 8609<\/p>\n<p>Es muy importante indicar el nombre completo de la persona inscrita en el concepto de la transferencia y el t\u00edtulo del curso o n\u00ba del curso.<br \/>\nAdem\u00e1s, si el sistema de tu banco online lo permite, puedes enviarnos la notificaci\u00f3n de transferencia, disponible al final de la operaci\u00f3n de transferencia a evacetr@gmail.com<br \/>\nUna vez se haya inscrito y haya realizado la transferencia, recibir\u00e1 un mensaje con la confirmaci\u00f3n de la inscripci\u00f3n y tres d\u00edas antes del inicio del curso las instrucciones para acceder al curso en directo.<\/p>\n","protected":false},"excerpt":{"rendered":"<p><span class=\"autor\">Oscar Puigardeu<\/span><br \/>\nViernes, 8 de mayo<br \/>\nde 18:00 a 19:30 h. Online<\/p>\n","protected":false},"author":1,"featured_media":73255,"comment_status":"closed","ping_status":"closed","sticky":false,"template":"","format":"standard","meta":{"_acf_changed":false,"footnotes":""},"categories":[223,243,402,251],"tags":[],"post_series":[],"class_list":["post-73188","post","type-post","status-publish","format-standard","has-post-thumbnail","hentry","category-agenda-y-actividades","category-cursos-activos","category-cursos-i-activitats-es","category-tercer-trimestre-es","entry","has-media"],"acf":[],"_links":{"self":[{"href":"https:\/\/cetr.net\/es\/wp-json\/wp\/v2\/posts\/73188","targetHints":{"allow":["GET"]}}],"collection":[{"href":"https:\/\/cetr.net\/es\/wp-json\/wp\/v2\/posts"}],"about":[{"href":"https:\/\/cetr.net\/es\/wp-json\/wp\/v2\/types\/post"}],"author":[{"embeddable":true,"href":"https:\/\/cetr.net\/es\/wp-json\/wp\/v2\/users\/1"}],"replies":[{"embeddable":true,"href":"https:\/\/cetr.net\/es\/wp-json\/wp\/v2\/comments?post=73188"}],"version-history":[{"count":4,"href":"https:\/\/cetr.net\/es\/wp-json\/wp\/v2\/posts\/73188\/revisions"}],"predecessor-version":[{"id":73350,"href":"https:\/\/cetr.net\/es\/wp-json\/wp\/v2\/posts\/73188\/revisions\/73350"}],"wp:featuredmedia":[{"embeddable":true,"href":"https:\/\/cetr.net\/es\/wp-json\/wp\/v2\/media\/73255"}],"wp:attachment":[{"href":"https:\/\/cetr.net\/es\/wp-json\/wp\/v2\/media?parent=73188"}],"wp:term":[{"taxonomy":"category","embeddable":true,"href":"https:\/\/cetr.net\/es\/wp-json\/wp\/v2\/categories?post=73188"},{"taxonomy":"post_tag","embeddable":true,"href":"https:\/\/cetr.net\/es\/wp-json\/wp\/v2\/tags?post=73188"},{"taxonomy":"post_series","embeddable":true,"href":"https:\/\/cetr.net\/es\/wp-json\/wp\/v2\/post_series?post=73188"}],"curies":[{"name":"wp","href":"https:\/\/api.w.org\/{rel}","templated":true}]}}