{"id":73190,"date":"2025-07-07T17:04:24","date_gmt":"2025-07-07T15:04:24","guid":{"rendered":"https:\/\/cetr.net\/10-les-generacions-que-ja-condueixen-i-les-que-conduiran-el-mon\/"},"modified":"2025-07-08T18:51:47","modified_gmt":"2025-07-08T16:51:47","slug":"10-les-generacions-que-ja-condueixen-i-les-que-conduiran-el-mon","status":"publish","type":"post","link":"https:\/\/cetr.net\/es\/10-les-generacions-que-ja-condueixen-i-les-que-conduiran-el-mon\/","title":{"rendered":"10. LAS GENERACIONES QUE  YA CONDUCEN Y LAS QUE  CONDUCIR\u00c1N EL MUNDO"},"content":{"rendered":"<p>a cargo de Montserrat Cucarull y Marta Gran\u00e9s<\/p>\n<p>Queremos profundizar cu\u00e1les son los rasgos m\u00e1s destacados de las nuevas generaciones, c\u00f3mo ven la realidad, las relaciones, el trabajo, el g\u00e9nero, los valores tradicionales, etc. Haciendo incidencia en por d\u00f3nde va el acceso a la calidad humana de las nuevas generaciones, sus fortalezas y carencias.<\/p>\n<p>14, 21 y 28 de abril<br \/>\n3 martes, de 19:00 a 20:15 h.<br \/>\nPresencial y online<br \/>\nAportaci\u00f3n: 45 \u20ac (fraccionable)<\/p>\n<p style=\"text-align: center;\"><span style=\"font-size: 24px; color: #993300;\">Inscripci\u00f3n electr\u00f3nica para realizar el curso:<\/span><\/p>\n<p>Puede inscribirse en este curso envi\u00e1ndonos un mensaje a\u00a0jm.bobadilla@cetr.net<br \/>\nCuando nos env\u00ede el correo, por favor, recuerde indicar su nombre y el t\u00edtulo del curso o n\u00ba del curso que encontrar\u00e1s en el programa.<br \/>\nForma de pago: La aportaci\u00f3n se puede realizar mediante transferencia bancaria a la cuenta de Banco Sabadell: ES79 0081 5119 6800 0108 8609<\/p>\n<p>Es muy importante indicar el nombre completo de la persona inscrita en el concepto de la transferencia y el t\u00edtulo del curso o n\u00ba del curso.<br \/>\nAdem\u00e1s, si el sistema de tu banco online lo permite, puedes enviarnos la notificaci\u00f3n de transferencia, disponible al final de la operaci\u00f3n de transferencia a evacetr@gmail.com<br \/>\nUna vez se haya inscrito y haya realizado la transferencia, recibir\u00e1 un mensaje con la confirmaci\u00f3n de la inscripci\u00f3n y tres d\u00edas antes del inicio del curso las instrucciones para acceder al curso en directo<\/p>\n","protected":false},"excerpt":{"rendered":"<p><span class=\"autor\">Marta Gran\u00e9s - Montse Cucarull<\/span><br \/>\n14, 21 y 28 de abril<br \/>\n3 martes, de 19:00 a 20:15 h.<br \/>\nPresencial y online<\/p>\n","protected":false},"author":1,"featured_media":73249,"comment_status":"closed","ping_status":"closed","sticky":false,"template":"","format":"standard","meta":{"_acf_changed":false,"footnotes":""},"categories":[223,243,402,251],"tags":[],"post_series":[],"class_list":["post-73190","post","type-post","status-publish","format-standard","has-post-thumbnail","hentry","category-agenda-y-actividades","category-cursos-activos","category-cursos-i-activitats-es","category-tercer-trimestre-es","entry","has-media"],"acf":[],"_links":{"self":[{"href":"https:\/\/cetr.net\/es\/wp-json\/wp\/v2\/posts\/73190","targetHints":{"allow":["GET"]}}],"collection":[{"href":"https:\/\/cetr.net\/es\/wp-json\/wp\/v2\/posts"}],"about":[{"href":"https:\/\/cetr.net\/es\/wp-json\/wp\/v2\/types\/post"}],"author":[{"embeddable":true,"href":"https:\/\/cetr.net\/es\/wp-json\/wp\/v2\/users\/1"}],"replies":[{"embeddable":true,"href":"https:\/\/cetr.net\/es\/wp-json\/wp\/v2\/comments?post=73190"}],"version-history":[{"count":4,"href":"https:\/\/cetr.net\/es\/wp-json\/wp\/v2\/posts\/73190\/revisions"}],"predecessor-version":[{"id":73349,"href":"https:\/\/cetr.net\/es\/wp-json\/wp\/v2\/posts\/73190\/revisions\/73349"}],"wp:featuredmedia":[{"embeddable":true,"href":"https:\/\/cetr.net\/es\/wp-json\/wp\/v2\/media\/73249"}],"wp:attachment":[{"href":"https:\/\/cetr.net\/es\/wp-json\/wp\/v2\/media?parent=73190"}],"wp:term":[{"taxonomy":"category","embeddable":true,"href":"https:\/\/cetr.net\/es\/wp-json\/wp\/v2\/categories?post=73190"},{"taxonomy":"post_tag","embeddable":true,"href":"https:\/\/cetr.net\/es\/wp-json\/wp\/v2\/tags?post=73190"},{"taxonomy":"post_series","embeddable":true,"href":"https:\/\/cetr.net\/es\/wp-json\/wp\/v2\/post_series?post=73190"}],"curies":[{"name":"wp","href":"https:\/\/api.w.org\/{rel}","templated":true}]}}