{"id":73197,"date":"2025-07-07T17:16:48","date_gmt":"2025-07-07T15:16:48","guid":{"rendered":"https:\/\/cetr.net\/7-experimentar-laventura-vers-un-mateix\/"},"modified":"2025-07-08T18:50:10","modified_gmt":"2025-07-08T16:50:10","slug":"7-experimentar-laventura-vers-un-mateix","status":"publish","type":"post","link":"https:\/\/cetr.net\/es\/7-experimentar-laventura-vers-un-mateix\/","title":{"rendered":"7. EXPERIMENTAR LA AVENTURA HACIA UNO MISMO"},"content":{"rendered":"<p>a cargo de Queralt Prat i Pubill<\/p>\n<p>El objetivo de estas tres sesiones es abrir la puerta a una nueva comprensi\u00f3n de nosotros mismos y del mundo. Una comprensi\u00f3n que nos aporta seguridad, tranquilidad y, sobre todo, orientaci\u00f3n para vivir<br \/>\nmejor con nosotros mismos y con los dem\u00e1s. Lo que proponemos no es un reclamo publicitario, sino una realidad que se puede experimentar y experimentar.<br \/>\nEn tres sesiones, sentaremos las bases para este proceso de descubrimiento y transformaci\u00f3n personal:<\/p>\n<p>\u2022 <strong>Primera sesi\u00f3n:<\/strong> Exploraremos el funcionamiento del \u00abyo\u00bb, las necesidades, los sentimientos, las emociones y las estrategias que utilizamos para satisfacerlas.<br \/>\n<strong>\u2022 Segunda sesi\u00f3n:<\/strong> Continuando con m\u00e1s experimentos personales, reconeceremos las dos Dimensiones de la Realidad y nuestra capacidad para vivir en estos dos niveles simultaneamente.<br \/>\n<strong>\u2022 Tercera sesi\u00f3n:<\/strong> Exploraremos una comprensi\u00f3n profunda de nuestras capacidades cognitivas que nos conecta plenamente con la vida y nos invita a despertar y desarrollar esta capacidad<br \/>\nlatente y poderosa que todos tenemos. Lo haremos mediante experimentos pr\u00e1cticos que faciliten una experiencia directa.<\/p>\n<p>El objetivo de las sesiones es poner en valor las capacidades humanas y ofrecer herramientas \u00fatiles para su desarrollo plenamente. Tambi\u00e9n, queremos dar recursos para analizar los mensajes que se<br \/>\nencuentran a menudo en las redes sociales, y as\u00ed poder decidir con criterio lo que nos sirve y lo que no.<\/p>\n<p>Este curso se ofrece exclusivamente a menores de 25 a\u00f1os.<br \/>\n13, 20 y 27 de enero,<br \/>\n3 martes, de 18:45 a 20:00 h.<br \/>\nPresencial y online.<br \/>\nAportaci\u00f3n: 20 \u20ac<\/p>\n<p style=\"text-align: center;\"><span style=\"font-size: 24px; color: #993300;\">Inscripci\u00f3n electr\u00f3nica para realizar el curso:<\/span><\/p>\n<p>Puede inscribirse en este curso envi\u00e1ndonos un mensaje a\u00a0jm.bobadilla@cetr.net<br \/>\nCuando nos env\u00ede el correo, por favor, recuerde indicar su nombre y el t\u00edtulo del curso o n\u00ba del curso que encontrar\u00e1s en el programa.<br \/>\nForma de pago: La aportaci\u00f3n se puede realizar mediante transferencia bancaria a la cuenta de Banco Sabadell: ES79 0081 5119 6800 0108 8609<\/p>\n<p>Es muy importante indicar el nombre completo de la persona inscrita en el concepto de la transferencia y el t\u00edtulo del curso o n\u00ba del curso.<br \/>\nAdem\u00e1s, si el sistema de tu banco online lo permite, puedes enviarnos la notificaci\u00f3n de transferencia, disponible al final de la operaci\u00f3n de transferencia a evacetr@gmail.com<br \/>\nUna vez se haya inscrito y haya realizado la transferencia, recibir\u00e1 un mensaje con la confirmaci\u00f3n de la inscripci\u00f3n y tres d\u00edas antes del inicio del curso las instrucciones para acceder al curso en directo<\/p>\n","protected":false},"excerpt":{"rendered":"<p><span class=\"autor\">Queralt Prat-i-Pubill<\/span><br \/>\nEste curso se ofrece exclusivamente a menores de 25 a\u00f1os.<br \/>\n13, 20 y 27 de enero,<br \/>\n3 martes, de 18:45 a 20:00 h.<br \/>\nPresencial y online.<\/p>\n","protected":false},"author":1,"featured_media":73234,"comment_status":"closed","ping_status":"closed","sticky":false,"template":"","format":"standard","meta":{"_acf_changed":false,"footnotes":""},"categories":[252,402,250],"tags":[],"post_series":[],"class_list":["post-73197","post","type-post","status-publish","format-standard","has-post-thumbnail","hentry","category-cursos-finalizados","category-cursos-i-activitats-es","category-segundo-trimestre","entry","has-media"],"acf":[],"_links":{"self":[{"href":"https:\/\/cetr.net\/es\/wp-json\/wp\/v2\/posts\/73197","targetHints":{"allow":["GET"]}}],"collection":[{"href":"https:\/\/cetr.net\/es\/wp-json\/wp\/v2\/posts"}],"about":[{"href":"https:\/\/cetr.net\/es\/wp-json\/wp\/v2\/types\/post"}],"author":[{"embeddable":true,"href":"https:\/\/cetr.net\/es\/wp-json\/wp\/v2\/users\/1"}],"replies":[{"embeddable":true,"href":"https:\/\/cetr.net\/es\/wp-json\/wp\/v2\/comments?post=73197"}],"version-history":[{"count":4,"href":"https:\/\/cetr.net\/es\/wp-json\/wp\/v2\/posts\/73197\/revisions"}],"predecessor-version":[{"id":73346,"href":"https:\/\/cetr.net\/es\/wp-json\/wp\/v2\/posts\/73197\/revisions\/73346"}],"wp:featuredmedia":[{"embeddable":true,"href":"https:\/\/cetr.net\/es\/wp-json\/wp\/v2\/media\/73234"}],"wp:attachment":[{"href":"https:\/\/cetr.net\/es\/wp-json\/wp\/v2\/media?parent=73197"}],"wp:term":[{"taxonomy":"category","embeddable":true,"href":"https:\/\/cetr.net\/es\/wp-json\/wp\/v2\/categories?post=73197"},{"taxonomy":"post_tag","embeddable":true,"href":"https:\/\/cetr.net\/es\/wp-json\/wp\/v2\/tags?post=73197"},{"taxonomy":"post_series","embeddable":true,"href":"https:\/\/cetr.net\/es\/wp-json\/wp\/v2\/post_series?post=73197"}],"curies":[{"name":"wp","href":"https:\/\/api.w.org\/{rel}","templated":true}]}}