{"id":73202,"date":"2025-07-07T17:23:14","date_gmt":"2025-07-07T15:23:14","guid":{"rendered":"https:\/\/cetr.net\/5-cicle-lespiritualitat-de-la-racionalitat-estoics-spinoza-voltaire-i-rousseau\/"},"modified":"2025-07-08T18:48:46","modified_gmt":"2025-07-08T16:48:46","slug":"5-cicle-lespiritualitat-de-la-racionalitat-estoics-spinoza-voltaire-i-rousseau","status":"publish","type":"post","link":"https:\/\/cetr.net\/es\/5-cicle-lespiritualitat-de-la-racionalitat-estoics-spinoza-voltaire-i-rousseau\/","title":{"rendered":"5. CICLO LA ESPIRITUALIDAD DE LA RACIONALIDAD:  ESTOICOS, SPINOZA, VOLTAIRE Y ROUSSEAU"},"content":{"rendered":"<p>a cargo de Francesc Torradeflot<\/p>\n<p>El ciclo que presentamos observar\u00e1 con detalle el conocimiento racional como herramienta espiritual. La calidad humana profunda es racional. Sentir, conocer y actuar expresan dimensiones humanas irrenunciables que permiten tener noticia de la dimensi\u00f3n absoluta de la realidad. La noticia-experiencia de la dimensi\u00f3n absoluta de la realidad no es contraria a la raz\u00f3n, no la suprime, la necesita; no s\u00f3lo<br \/>\npara evitar obst\u00e1culos innecesarios y desequilibrios peligrosos, sino sobre todo para poder gozar de la libertad, armon\u00eda y plenitud humana. Conocer la maestr\u00eda de grandes fil\u00f3sofos nos ayudar\u00e1 a disfrutar<br \/>\nde la realidad que nos rodea de forma m\u00e1s plena.<\/p>\n<p>M\u00f3dulo 1: \u201cLa propuesta vital del estoicismo, a trav\u00e9s de sus textos\u201d<br \/>\n2 sesiones, los martes 5 y 12 de mayo<br \/>\nM\u00f3dulo 2: \u201cLa propuesta vital de Spinoza, a trav\u00e9s de sus textos\u201d<br \/>\n2 sesiones, los martes 19 y 26 de mayo<br \/>\nM\u00f3dulo 3: \u201cLa propuesta vital de Voltaire y Rousseau, a trav\u00e9s de sus textos\u201d<br \/>\n2 sesiones, los martes, 2 y 9 de junio<\/p>\n<p>Del 5 de mayo al 9 de junio<br \/>\n6 martes, de 19:00 a 20:15 h.<br \/>\nPresencial y online<br \/>\nAportaci\u00f3n: 30 \u20ac (fraccionable)<\/p>\n<p style=\"text-align: center;\"><span style=\"font-size: 24px; color: #993300;\">Inscripci\u00f3n electr\u00f3nica para realizar el curso:<\/span><\/p>\n<p>Puede inscribirse en este curso envi\u00e1ndonos un mensaje a\u00a0jm.bobadilla@cetr.net<br \/>\nCuando nos env\u00ede el correo, por favor, recuerde indicar su nombre y el t\u00edtulo del curso o n\u00ba del curso que encontrar\u00e1s en el programa.<br \/>\nForma de pago: La aportaci\u00f3n se puede realizar mediante transferencia bancaria a la cuenta de Banco Sabadell: ES79 0081 5119 6800 0108 8609<\/p>\n<p>Es muy importante indicar el nombre completo de la persona inscrita en el concepto de la transferencia y el t\u00edtulo del curso o n\u00ba del curso.<br \/>\nAdem\u00e1s, si el sistema de tu banco online lo permite, puedes enviarnos la notificaci\u00f3n de transferencia, disponible al final de la operaci\u00f3n de transferencia a evacetr@gmail.com<br \/>\nUna vez se haya inscrito y haya realizado la transferencia, recibir\u00e1 un mensaje con la confirmaci\u00f3n de la inscripci\u00f3n y tres d\u00edas antes del inicio del curso las instrucciones para acceder al curso en directo.<\/p>\n","protected":false},"excerpt":{"rendered":"<p><span class=\"autor\">Francesc Torradeflot<\/span><br \/>\nM\u00f3dulo 1: 2 sesiones, los martes 5 y 12 de mayo<br \/>\nM\u00f3dulo 2: 2 sesiones, los martes 19 y 26 de mayo<br \/>\nM\u00f3dulo 3: 2 sesiones, los martes, 2 y 9 de junio<br \/>\n6 martes, de 19:00 a 20:15 h.<br \/>\nPresencial y online<\/p>\n","protected":false},"author":1,"featured_media":73225,"comment_status":"closed","ping_status":"closed","sticky":false,"template":"","format":"standard","meta":{"_acf_changed":false,"footnotes":""},"categories":[223,243,402,251],"tags":[],"post_series":[],"class_list":["post-73202","post","type-post","status-publish","format-standard","has-post-thumbnail","hentry","category-agenda-y-actividades","category-cursos-activos","category-cursos-i-activitats-es","category-tercer-trimestre-es","entry","has-media"],"acf":[],"_links":{"self":[{"href":"https:\/\/cetr.net\/es\/wp-json\/wp\/v2\/posts\/73202","targetHints":{"allow":["GET"]}}],"collection":[{"href":"https:\/\/cetr.net\/es\/wp-json\/wp\/v2\/posts"}],"about":[{"href":"https:\/\/cetr.net\/es\/wp-json\/wp\/v2\/types\/post"}],"author":[{"embeddable":true,"href":"https:\/\/cetr.net\/es\/wp-json\/wp\/v2\/users\/1"}],"replies":[{"embeddable":true,"href":"https:\/\/cetr.net\/es\/wp-json\/wp\/v2\/comments?post=73202"}],"version-history":[{"count":4,"href":"https:\/\/cetr.net\/es\/wp-json\/wp\/v2\/posts\/73202\/revisions"}],"predecessor-version":[{"id":73343,"href":"https:\/\/cetr.net\/es\/wp-json\/wp\/v2\/posts\/73202\/revisions\/73343"}],"wp:featuredmedia":[{"embeddable":true,"href":"https:\/\/cetr.net\/es\/wp-json\/wp\/v2\/media\/73225"}],"wp:attachment":[{"href":"https:\/\/cetr.net\/es\/wp-json\/wp\/v2\/media?parent=73202"}],"wp:term":[{"taxonomy":"category","embeddable":true,"href":"https:\/\/cetr.net\/es\/wp-json\/wp\/v2\/categories?post=73202"},{"taxonomy":"post_tag","embeddable":true,"href":"https:\/\/cetr.net\/es\/wp-json\/wp\/v2\/tags?post=73202"},{"taxonomy":"post_series","embeddable":true,"href":"https:\/\/cetr.net\/es\/wp-json\/wp\/v2\/post_series?post=73202"}],"curies":[{"name":"wp","href":"https:\/\/api.w.org\/{rel}","templated":true}]}}