{"id":73204,"date":"2025-07-07T17:28:01","date_gmt":"2025-07-07T15:28:01","guid":{"rendered":"https:\/\/cetr.net\/4-aqui-no-hi-ha-ningu-reflexio-en-dialeg-amb-en-maria-corbi\/"},"modified":"2025-12-15T16:41:11","modified_gmt":"2025-12-15T15:41:11","slug":"4-aqui-no-hi-ha-ningu-reflexio-en-dialeg-amb-en-maria-corbi","status":"publish","type":"post","link":"https:\/\/cetr.net\/es\/4-aqui-no-hi-ha-ningu-reflexio-en-dialeg-amb-en-maria-corbi\/","title":{"rendered":"4. \u201cAQU\u00cd NO HAY NADIE\u201d: REFLEXI\u00d3N EN DI\u00c1LOGO CON MARI\u00c0 CORB\u00cd"},"content":{"rendered":"<p>a cargo de Montse Macau, Joan Puigpiqu\u00e9 y Mari\u00e0 Corb\u00ed<\/p>\n<p>\u201cNo somos nadie venido a este mundo, somos ese mundo\u201d \u2013insiste a menudo Mari\u00e0 Corb\u00ed. Si no soy \u201calguien\u201d, \u00bfqu\u00e9 soy? \u00bfD\u00f3nde queda la conciencia de individualidad? \u00bfY la responsabilidad sobre la actuaci\u00f3n? O, \u00bfqu\u00e9 prop\u00f3sito puede tener la vida? Preguntas como \u00e9stas surgen a partir de la lectura de numerosos textos de sabidur\u00eda, de tradiciones y \u00e9pocas muy distintas, que subrayan que los seres humanos nos vemos desde una perspectiva equivocada, y que ese error es la ra\u00edz de la infelicidad. En di\u00e1logo con Mari\u00e0, repasaremos algunas de estas afirmaciones, trataremos de aclarar dudas, de<br \/>\nsacar sus consecuencias. En resumen, vamos a reflexionar sobre la vida, sobre el sentido de nuestras vidas.<\/p>\n<p>26 de noviembre y 3 de diciembre<br \/>\n2 mi\u00e9rcoles, de 19:00 a 20:15 h.<br \/>\nPresencial y online.<br \/>\nAportaci\u00f3n: 30 \u20ac<\/p>\n<p style=\"text-align: center;\"><span style=\"font-size: 24px; color: #993300;\">Inscripci\u00f3n electr\u00f3nica para realizar el curso:<\/span><\/p>\n<p>Puede inscribirse en este curso envi\u00e1ndonos un mensaje a\u00a0jm.bobadilla@cetr.net<br \/>\nCuando nos env\u00ede el correo, por favor, recuerde indicar su nombre y el t\u00edtulo del curso o n\u00ba del curso que encontrar\u00e1s en el programa.<br \/>\nForma de pago: La aportaci\u00f3n se puede realizar mediante transferencia bancaria a la cuenta de Banco Sabadell: ES79 0081 5119 6800 0108 8609<\/p>\n<p>Es muy importante indicar el nombre completo de la persona inscrita en el concepto de la transferencia y el t\u00edtulo del curso o n\u00ba del curso.<br \/>\nAdem\u00e1s, si el sistema de tu banco online lo permite, puedes enviarnos la notificaci\u00f3n de transferencia, disponible al final de la operaci\u00f3n de transferencia a evacetr@gmail.com<br \/>\nUna vez se haya inscrito y haya realizado la transferencia, recibir\u00e1 un mensaje con la confirmaci\u00f3n de la inscripci\u00f3n y tres d\u00edas antes del inicio del curso las instrucciones para acceder al curso en directo<\/p>\n","protected":false},"excerpt":{"rendered":"<p><span class=\"autor\">Montse Macau i Joan Puigpiqu\u00e9<\/span><br \/>\n26 de noviembre y 3 de diciembre<br \/>\n2 mi\u00e9rcoles, de 19:00 a 20:15 h.<\/p>\n","protected":false},"author":1,"featured_media":73222,"comment_status":"closed","ping_status":"closed","sticky":false,"template":"","format":"standard","meta":{"_acf_changed":false,"footnotes":""},"categories":[223,252,402],"tags":[],"post_series":[],"class_list":["post-73204","post","type-post","status-publish","format-standard","has-post-thumbnail","hentry","category-agenda-y-actividades","category-cursos-finalizados","category-cursos-i-activitats-es","entry","has-media"],"acf":[],"_links":{"self":[{"href":"https:\/\/cetr.net\/es\/wp-json\/wp\/v2\/posts\/73204","targetHints":{"allow":["GET"]}}],"collection":[{"href":"https:\/\/cetr.net\/es\/wp-json\/wp\/v2\/posts"}],"about":[{"href":"https:\/\/cetr.net\/es\/wp-json\/wp\/v2\/types\/post"}],"author":[{"embeddable":true,"href":"https:\/\/cetr.net\/es\/wp-json\/wp\/v2\/users\/1"}],"replies":[{"embeddable":true,"href":"https:\/\/cetr.net\/es\/wp-json\/wp\/v2\/comments?post=73204"}],"version-history":[{"count":4,"href":"https:\/\/cetr.net\/es\/wp-json\/wp\/v2\/posts\/73204\/revisions"}],"predecessor-version":[{"id":73981,"href":"https:\/\/cetr.net\/es\/wp-json\/wp\/v2\/posts\/73204\/revisions\/73981"}],"wp:featuredmedia":[{"embeddable":true,"href":"https:\/\/cetr.net\/es\/wp-json\/wp\/v2\/media\/73222"}],"wp:attachment":[{"href":"https:\/\/cetr.net\/es\/wp-json\/wp\/v2\/media?parent=73204"}],"wp:term":[{"taxonomy":"category","embeddable":true,"href":"https:\/\/cetr.net\/es\/wp-json\/wp\/v2\/categories?post=73204"},{"taxonomy":"post_tag","embeddable":true,"href":"https:\/\/cetr.net\/es\/wp-json\/wp\/v2\/tags?post=73204"},{"taxonomy":"post_series","embeddable":true,"href":"https:\/\/cetr.net\/es\/wp-json\/wp\/v2\/post_series?post=73204"}],"curies":[{"name":"wp","href":"https:\/\/api.w.org\/{rel}","templated":true}]}}