{"id":73206,"date":"2025-07-07T17:30:51","date_gmt":"2025-07-07T15:30:51","guid":{"rendered":"https:\/\/cetr.net\/2-paraules-de-lal-ded\/"},"modified":"2025-07-08T19:22:59","modified_gmt":"2025-07-08T17:22:59","slug":"2-paraules-de-lal-ded","status":"publish","type":"post","link":"https:\/\/cetr.net\/es\/2-paraules-de-lal-ded\/","title":{"rendered":"2. PALABRAS DE LAL DED"},"content":{"rendered":"<p>a cargo de Mari\u00e0 Corb\u00ed, Montse Cucarull y Marta Gran\u00e9s<\/p>\n<p>Por primera, vez nos acercamos a la gran corriente no-dual del chiva\u00edsmo de Cachemira a trav\u00e9s de los poemas de Lal Ded, una m\u00edstica india del siglo XIV. Intentando absorber su investigaci\u00f3n deberemos<br \/>\nprofundizar en sus expresiones devocionales. (Seguiremos la edici\u00f3n castellana, de J.J. de Ola\u00f1eta, 2000)<\/p>\n<p>Del 23 de octubre al 21 de mayo<br \/>\n14 jueves, quincenalmente, de 19:00 a 20:15 h.<br \/>\nPresencial y online<\/p>\n<p style=\"text-align: center;\"><span style=\"font-size: 24px; color: #993300;\">Inscripci\u00f3n electr\u00f3nica para realizar el curso:<\/span><\/p>\n<p>Puede inscribirse en este curso envi\u00e1ndonos un mensaje a\u00a0jm.bobadilla@cetr.net<br \/>\nCuando nos env\u00ede el correo, por favor, recuerde indicar su nombre y el t\u00edtulo del curso o n\u00ba del curso que encontrar\u00e1s en el programa.<br \/>\nForma de pago: La aportaci\u00f3n se puede realizar mediante transferencia bancaria a la cuenta de Banco Sabadell: ES79 0081 5119 6800 0108 8609<\/p>\n<p>Es muy importante indicar el nombre completo de la persona inscrita en el concepto de la transferencia y el t\u00edtulo del curso o n\u00ba del curso.<br \/>\nAdem\u00e1s, si el sistema de tu banco online lo permite, puedes enviarnos la notificaci\u00f3n de transferencia, disponible al final de la operaci\u00f3n de transferencia a evacetr@gmail.com<br \/>\nUna vez se haya inscrito y haya realizado la transferencia, recibir\u00e1 un mensaje con la confirmaci\u00f3n de la inscripci\u00f3n y tres d\u00edas antes del inicio del curso las instrucciones para acceder al curso en directo<\/p>\n","protected":false},"excerpt":{"rendered":"<p><span class=\"autor\">Mari\u00e0 Corb\u00ed - Marta Gran\u00e9s - Montse Cucarull<\/span><br \/>\nDel 23 de octubre al 21 de mayo<br \/>\n14 jueves, quincenalmente, de 19:00 a 20:15 h.<\/p>\n","protected":false},"author":1,"featured_media":73405,"comment_status":"closed","ping_status":"closed","sticky":false,"template":"","format":"standard","meta":{"_acf_changed":false,"footnotes":""},"categories":[223,243,402,249,250,251],"tags":[],"post_series":[],"class_list":["post-73206","post","type-post","status-publish","format-standard","has-post-thumbnail","hentry","category-agenda-y-actividades","category-cursos-activos","category-cursos-i-activitats-es","category-primer-trimestre-es","category-segundo-trimestre","category-tercer-trimestre-es","entry","has-media"],"acf":[],"_links":{"self":[{"href":"https:\/\/cetr.net\/es\/wp-json\/wp\/v2\/posts\/73206","targetHints":{"allow":["GET"]}}],"collection":[{"href":"https:\/\/cetr.net\/es\/wp-json\/wp\/v2\/posts"}],"about":[{"href":"https:\/\/cetr.net\/es\/wp-json\/wp\/v2\/types\/post"}],"author":[{"embeddable":true,"href":"https:\/\/cetr.net\/es\/wp-json\/wp\/v2\/users\/1"}],"replies":[{"embeddable":true,"href":"https:\/\/cetr.net\/es\/wp-json\/wp\/v2\/comments?post=73206"}],"version-history":[{"count":3,"href":"https:\/\/cetr.net\/es\/wp-json\/wp\/v2\/posts\/73206\/revisions"}],"predecessor-version":[{"id":73338,"href":"https:\/\/cetr.net\/es\/wp-json\/wp\/v2\/posts\/73206\/revisions\/73338"}],"wp:featuredmedia":[{"embeddable":true,"href":"https:\/\/cetr.net\/es\/wp-json\/wp\/v2\/media\/73405"}],"wp:attachment":[{"href":"https:\/\/cetr.net\/es\/wp-json\/wp\/v2\/media?parent=73206"}],"wp:term":[{"taxonomy":"category","embeddable":true,"href":"https:\/\/cetr.net\/es\/wp-json\/wp\/v2\/categories?post=73206"},{"taxonomy":"post_tag","embeddable":true,"href":"https:\/\/cetr.net\/es\/wp-json\/wp\/v2\/tags?post=73206"},{"taxonomy":"post_series","embeddable":true,"href":"https:\/\/cetr.net\/es\/wp-json\/wp\/v2\/post_series?post=73206"}],"curies":[{"name":"wp","href":"https:\/\/api.w.org\/{rel}","templated":true}]}}