{"id":73379,"date":"2025-07-08T19:39:48","date_gmt":"2025-07-08T17:39:48","guid":{"rendered":"https:\/\/cetr.net\/?p=73379"},"modified":"2025-07-15T13:19:40","modified_gmt":"2025-07-15T11:19:40","slug":"recordando-a-amando-robles","status":"publish","type":"post","link":"https:\/\/cetr.net\/es\/recordando-a-amando-robles\/","title":{"rendered":"Recordando a Amando Robles"},"content":{"rendered":"<p style=\"text-align: justify;\">Nos ha dejado Amando Robles, gran amigo y colaborador del Cetr. Dominico leon\u00e9s, costarricense de adopci\u00f3n, investigador inquieto, Amando se tropez\u00f3 un d\u00eda, en la biblioteca de la Universidad de Lovaina, con la tesis doctoral de Mari\u00e0 Corb\u00ed. Le contact\u00f3, se escribieron, y un buen d\u00eda se tom\u00f3 un a\u00f1o sab\u00e1tico para estudiar en Barcelona, cerca de Mari\u00e0. Corr\u00eda el a\u00f1o 1999. La estancia de Amando en Barcelona coincidi\u00f3 con la puesta en marcha del Cetr. Amando particip\u00f3 en los seminarios, en los grupos de estudio, en todo, y colabor\u00f3 como uno m\u00e1s en las actividades del centro. Sencillo, cercano, afable, interes\u00e1ndose por el quehacer de cada persona, naci\u00f3 ah\u00ed una honda amistad con todo el equipo que fue creciendo a\u00f1o tras a\u00f1o.<\/p>\n<p style=\"text-align: justify;\">\u00a0 \u00a0 \u00a0En el 2004 tuvo lugar el primero de los quince Encuentros Internacionales anuales que se organizaron, y ah\u00ed estaba Amando proponiendo nombres, facilitando enlaces y colaborando. Ya no dej\u00f3 de participar en ninguno, y se sucedieron tambi\u00e9n las invitaciones a Costa Rica de Mari\u00e0 y del equipo.<\/p>\n<p style=\"text-align: justify;\">Compartimos aqu\u00ed una de sus participaciones en esos Encuentros, la de 2009, <a href=\"https:\/\/cetr.net\/es\/plenitud-y-proyecto-humano\/\"><span style=\"color: #9e2626;\"><strong><em>Plenitud y proyecto humano<\/em><\/strong><\/span><\/a> . Todas sus ponencias pueden leerse en las<a href=\"https:\/\/cetr.net\/category\/els-nostres-llibres\/autors\/encuentros-encontres\/\"> <span style=\"color: #9e2626;\"><strong>publicaciones de los Encuentros<\/strong><\/span><\/a>.<\/p>\n<p><a href=\"https:\/\/cetr.net\/wp-content\/uploads\/2025\/07\/Amando-llav-2.png\"><img loading=\"lazy\" decoding=\"async\" class=\"wp-image-73291 alignright\" src=\"https:\/\/cetr.net\/wp-content\/uploads\/2025\/07\/Amando-llav-2-300x253.png\" alt=\"\" width=\"339\" height=\"286\" srcset=\"https:\/\/cetr.net\/wp-content\/uploads\/2025\/07\/Amando-llav-2-300x253.png 300w, https:\/\/cetr.net\/wp-content\/uploads\/2025\/07\/Amando-llav-2.png 640w\" sizes=\"auto, (max-width: 339px) 100vw, 339px\" \/><\/a>\u00a0\u00a0\u00a0\u00a0\u00a0\u00a0\u00a0\u00a0\u00a0\u00a0\u00a0 A ra\u00edz de su libro:\u00a0 <strong><em>Una posibilidad y una actitud: \u201cQue t\u00fa te realices\u201d. Introducci\u00f3n a la espiritualidad de Maestro Eckhart,<\/em><\/strong> el curso pasado participaba en las actividades del centro ofreciendo una lectura comentada de textos del dominico renano. El libro se puede descargar o comprar <span style=\"color: #9e2626;\">en este <a href=\"https:\/\/cetr.net\/category\/els-nostres-llibres\/autors\/j-amando-robles\/\"><strong>(enlace)\u00a0<\/strong><\/a><\/span><br \/>\nY recuperar los v\u00eddeos de las sesiones <a href=\"https:\/\/cetr.net\/es\/lectura-del-mestre-eckhart-una-introduccio-a-la-seva-espiritual\/\"><span style=\"color: #9e2626;\"><strong>AQU\u00cd<\/strong><\/span><\/a><\/p>\n<p>Para poder acercarse un poco m\u00e1s a Amando, <strong><span style=\"color: #9e2626;\"><a href=\"https:\/\/amandoroblesrobles.my.canva.site\/?fbclid=IwY2xjawLZqzNleHRuA2FlbQIxMAABHvNVjMS-NeIw4SQdyTsscdDLQONeW2GK5KnuoX65u4Bdgfhd3TizSCpsd8OL_aem_UCJuSjy9MWW8E3EG-chFIA#page-PBbVNZ3lTv0l2yH4\">he aqu\u00ed la evocaci\u00f3n que nos ofrecen sus amigos y amigas del CEDI<\/a>,<\/span><\/strong> el Centro Dominico de Investigaci\u00f3n, de Costa Rica.<\/p>\n<p>&nbsp;<\/p>\n<p style=\"text-align: center;\"><strong><span style=\"font-size: 18px;\">Querido Amando, vaya aqu\u00ed nuestro recuerdo agradecido, \u00a1te vamos a echar en falta!<\/span><\/strong><\/p>\n<p>&nbsp;<\/p>\n<p><a href=\"https:\/\/cetr.net\/wp-content\/uploads\/2025\/07\/encontre-cetr-2007.png\"><img loading=\"lazy\" decoding=\"async\" class=\" wp-image-73459 aligncenter\" src=\"https:\/\/cetr.net\/wp-content\/uploads\/2025\/07\/encontre-cetr-2007.png\" alt=\"\" width=\"722\" height=\"460\" srcset=\"https:\/\/cetr.net\/wp-content\/uploads\/2025\/07\/encontre-cetr-2007.png 640w, https:\/\/cetr.net\/wp-content\/uploads\/2025\/07\/encontre-cetr-2007-300x191.png 300w\" sizes=\"auto, (max-width: 722px) 100vw, 722px\" \/><\/a><\/p>\n","protected":false},"excerpt":{"rendered":"<p><span class=\"autor autor_home\">CETR<\/span>   Nos ha dejado Amando Robles, gran amigo y colaborador del Cetr. Hace veinticinco a\u00f1os Amando pas\u00f3 un a\u00f1o en Barcelona, estudiando junto a Mari\u00e0 Corb\u00ed, y se teji\u00f3 una amistad y una colaboraci\u00f3n ya ininterrumpida desde entonces con todo el equipo del Cetr. Vaya aqu\u00ed nuestro recuerdo agradecido. <\/p>\n","protected":false},"author":1,"featured_media":73294,"comment_status":"closed","ping_status":"closed","sticky":false,"template":"","format":"standard","meta":{"_acf_changed":false,"footnotes":""},"categories":[145,157],"tags":[],"post_series":[],"class_list":["post-73379","post","type-post","status-publish","format-standard","has-post-thumbnail","hentry","category-articulos","category-entrevistas-y-retratos","entry","has-media"],"acf":[],"_links":{"self":[{"href":"https:\/\/cetr.net\/es\/wp-json\/wp\/v2\/posts\/73379","targetHints":{"allow":["GET"]}}],"collection":[{"href":"https:\/\/cetr.net\/es\/wp-json\/wp\/v2\/posts"}],"about":[{"href":"https:\/\/cetr.net\/es\/wp-json\/wp\/v2\/types\/post"}],"author":[{"embeddable":true,"href":"https:\/\/cetr.net\/es\/wp-json\/wp\/v2\/users\/1"}],"replies":[{"embeddable":true,"href":"https:\/\/cetr.net\/es\/wp-json\/wp\/v2\/comments?post=73379"}],"version-history":[{"count":6,"href":"https:\/\/cetr.net\/es\/wp-json\/wp\/v2\/posts\/73379\/revisions"}],"predecessor-version":[{"id":73430,"href":"https:\/\/cetr.net\/es\/wp-json\/wp\/v2\/posts\/73379\/revisions\/73430"}],"wp:featuredmedia":[{"embeddable":true,"href":"https:\/\/cetr.net\/es\/wp-json\/wp\/v2\/media\/73294"}],"wp:attachment":[{"href":"https:\/\/cetr.net\/es\/wp-json\/wp\/v2\/media?parent=73379"}],"wp:term":[{"taxonomy":"category","embeddable":true,"href":"https:\/\/cetr.net\/es\/wp-json\/wp\/v2\/categories?post=73379"},{"taxonomy":"post_tag","embeddable":true,"href":"https:\/\/cetr.net\/es\/wp-json\/wp\/v2\/tags?post=73379"},{"taxonomy":"post_series","embeddable":true,"href":"https:\/\/cetr.net\/es\/wp-json\/wp\/v2\/post_series?post=73379"}],"curies":[{"name":"wp","href":"https:\/\/api.w.org\/{rel}","templated":true}]}}