{"id":73524,"date":"2025-07-31T18:51:46","date_gmt":"2025-07-31T16:51:46","guid":{"rendered":"https:\/\/cetr.net\/?p=73524"},"modified":"2025-07-31T18:53:59","modified_gmt":"2025-07-31T16:53:59","slug":"la-solucion-no-consiste-en-volver-atras","status":"publish","type":"post","link":"https:\/\/cetr.net\/es\/la-solucion-no-consiste-en-volver-atras\/","title":{"rendered":"La soluci\u00f3n no consiste en volver atr\u00e1s"},"content":{"rendered":"<p style=\"text-align: justify; padding-left: 40px;\"><em>En mayo (2025) mor\u00eda Sebasti\u00e2o Salgado, el fot\u00f3grafo brasile\u00f1o que a trav\u00e9s de su obra document\u00f3 los grandes retos contempor\u00e1neos: migraciones, trabajo, medio ambiente&#8230; No hac\u00eda mucho que hab\u00edamos podido disfrutar de <strong>Amazonia<\/strong>, su \u00faltima exposici\u00f3n. Bell\u00edsima, impactante. \u00a0Junto con L\u00e9lia Wanick, su esposa, crearon el Instituto Terra, un proyecto de reforestaci\u00f3n en tierras brasile\u00f1as. A modo de homenaje, compartimos algunos fragmentos finales del libro autobiogr\u00e1fico: <a href=\"https:\/\/tienda.lafabrica.com\/fotografia\/3272-sebastiao-salgado-de-mi-tierra-a-la-tierra-memorias-9788418934308.html\"><strong>De mi tierra a la Tierra. Memorias <\/strong>(La F\u00e1brica, 2023. 164 p.)<\/a> Un libro que vale la pena saborear de principio a fin.<\/em><\/p>\n<p><span style=\"font-size: 10px;\">foto de S.Salgado: Fernando Fraz\u00e3o, creativecommons.org<\/span><\/p>\n<p style=\"text-align: justify;\"><strong>La soluci\u00f3n no consiste en volver atr\u00e1s<\/strong><\/p>\n<p style=\"text-align: justify;\">\u201cTermin\u00e9 los reportajes de <em>G\u00e9nesis <\/em>con cerca de 70 a\u00f1os. Me agotaron f\u00edsicamente. Tuve que enfrentarme a las inclemencias del tiempo, pasando de los climas m\u00e1s fr\u00edos a los m\u00e1s c\u00e1lidos, de los m\u00e1s h\u00famedos a los m\u00e1s secos y, sobre todo, recorr\u00ed a pie distancias enormes. En las ciudades estamos acostumbrados a andar sobre superficies planas, mientras que cuando caminas por la selva con los ind\u00edgenas, el terreno es irregular. A menudo hay que saltar por encima de los \u00e1rboles; algunos son muy grandes, hay que sentarse encima, girar el cuerpo a un lado y al otro para poder pasar. Las ca\u00eddas son frecuentes. Los ind\u00edgenas en cambio no se caen nunca. La primera vez que caminas por la selva resulta agotador, porque notas que ejercitas m\u00fasculos que no utilizabas desde la infancia. En algunos casos son m\u00fasculos que ni siquiera sab\u00edas que ten\u00edas. En definitiva, dir\u00eda que mientras la mente es indultada, para el cuerpo es un castigo. Al cabo de ocho a\u00f1os estaba cansado, aunque interiormente regenerado. Para <em>\u00c9xodos<\/em>, me enfrent\u00e9 al lado m\u00e1s severo y violento de nuestra especie y cre\u00ed que la especie humana no podr\u00eda nunca lograr la salvaci\u00f3n. Al realizar G\u00e9nesis cambi\u00e9 de opini\u00f3n.<\/p>\n<p style=\"text-align: justify;\">En primer lugar, me encontr\u00e9 con el planeta. Ya hab\u00eda recorrido con anterioridad el mundo entero, pero en esta ocasi\u00f3n tuve la sensaci\u00f3n de entrar en su interior. Observ\u00e9 el mundo de arriba abajo, recorri\u00e9ndolo por completo. Descubr\u00ed los minerales, los vegetales y los animales y luego pude vernos, a nosotros, los seres humanos, tal y como \u00e9ramos al principio de la humanidad, Esto me reconfort\u00f3 mucho porque los primeros humanos eran muy fuertes. Eran adem\u00e1s muy ricos en algo que perdimos despu\u00e9s al volvernos urbanitas: nuestro instinto. Este instinto permite sentir y prever en gran medida cambios de temperatura o fen\u00f3menos clim\u00e1ticos mediante la observaci\u00f3n del comportamiento de los animales. En realidad estamos abandonando nuestro planeta, porque la ciudad es un planeta diferente.<\/p>\n<p style=\"text-align: justify;\">Vi lo que \u00e9ramos antes de vernos abocados a la violencia de la ciudad, donde nuestro derecho al espacio, al aire, al cielo y a la naturaleza se ha perdido entre los muros. Hemos erigido barreras entre la naturaleza y nosotros. Por ende, ya no somos capaces de ver, de sentir&#8230; De ver un p\u00e1jaro tras el cristal e imaginar que ese p\u00e1jaro es el enamorado de otro con el que hace el amor; que ama a sus cr\u00edas, que ha construido su nido sobre ese \u00e1rbol, que depende del viento. Ya no sabemos que tiene toda una estructura de piel y de plumas capaces de protegerle de los rayos del sol, de la lluvia y de la nieve. Ya no vemos, ya no sabemos nada de eso. Al pasar tiempo con esos pueblos que viven como viv\u00edamos anta\u00f1o redescubr\u00ed estas maravillas. Me enriquecieron tant\u00edsimo&#8230; Si bien en mi libro <em>La Main de l\u2019Homme<\/em> (<em>La mano del hombre<\/em>) me enorgulleci\u00f3 mostrar que somos un animal incre\u00edblemente ingenioso en lo que a producci\u00f3n se refiere, tambi\u00e9n vi que, en nuestro modo de vida, hemos hecho todo lo posible por destruir lo que garantiza la supervivencia de nuestra especie.<\/p>\n<p>&nbsp;<\/p>\n<p style=\"text-align: justify;\"><a href=\"https:\/\/cetr.net\/wp-content\/uploads\/2025\/07\/Amazonia-wikimedia.png\"><img loading=\"lazy\" decoding=\"async\" class=\"alignnone size-full wp-image-73514\" src=\"https:\/\/cetr.net\/wp-content\/uploads\/2025\/07\/Amazonia-wikimedia.png\" alt=\"\" width=\"2038\" height=\"914\" srcset=\"https:\/\/cetr.net\/wp-content\/uploads\/2025\/07\/Amazonia-wikimedia.png 2038w, https:\/\/cetr.net\/wp-content\/uploads\/2025\/07\/Amazonia-wikimedia-300x135.png 300w, https:\/\/cetr.net\/wp-content\/uploads\/2025\/07\/Amazonia-wikimedia-1024x459.png 1024w, https:\/\/cetr.net\/wp-content\/uploads\/2025\/07\/Amazonia-wikimedia-768x344.png 768w, https:\/\/cetr.net\/wp-content\/uploads\/2025\/07\/Amazonia-wikimedia-1536x689.png 1536w\" sizes=\"auto, (max-width: 2038px) 100vw, 2038px\" \/><\/a><span style=\"font-size: 10px;\">https:\/\/commons.wikimedia.org\/wiki\/File:AMAZONIA_-_Gran_Exposicion_Sebastiao_Salgado_-_Madrid_2023_05.jpg<\/span><\/p>\n<p style=\"text-align: justify;\">No creo en la existencia de un gran creador que haya establecido el orden de la naturaleza y del conjunto del mundo vivo. Creo mucho m\u00e1s en la evoluci\u00f3n, me considero disc\u00edpulo de Darwin. Creo que existen ciertas leyes. Que las cosas se van formando en la dial\u00e9ctica, en la acumulaci\u00f3n de experiencia, en la maduraci\u00f3n. Sin embargo, no todos los procesos de maduraci\u00f3n se producen en un sentido positivo. A\u00fan no tenemos explicaci\u00f3n para el primer instante del comienzo, aunque s\u00ed podemos explicar cient\u00edficamente la continuaci\u00f3n. <em>G\u00e9nesis<\/em> me dio la oportunidad de medir la edad de mi planeta. En el S\u00e1hara pude ver piedras talladas hace 16.000 a\u00f1os; en Venezuela, monta\u00f1as que tienen 6.000 millones de a\u00f1os. Esto le da otra dimensi\u00f3n a la vida: comprendemos que no es m\u00e1s que nuestro breve paso por el planeta.<\/p>\n<p style=\"text-align: justify;\"><em>G\u00e9nesis<\/em> me hizo ser consciente de que, a fuerza de alejarnos de la naturaleza mediante el urbanismo, nos hemos convertido en animales muy complicados; a fuerza de volvernos ajenos al planeta, nos convertimos en seres extra\u00f1os. Sin embargo, este no es un problema irresoluble. El remedio pasa por la informaci\u00f3n y me sentir\u00eda feliz de haber podido contribuir a ello. Me gustar\u00eda conseguir que todo el mundo comprendiera que la soluci\u00f3n frente al peligro al que se enfrentan las personas y todas las especies del planeta no consiste en volver atr\u00e1s, sino en tornarse hacia la naturaleza. Es lo que estamos haciendo en Brasil L\u00e9lia y yo, replantando la selva. Solo los \u00e1rboles son capaces de asimilar todo el co2 que producimos. Los \u00e1rboles son las \u00fanicas m\u00e1quinas capaces de transformar el co2 en ox\u00edgeno. El bosque asimila y transforma nuestra contaminaci\u00f3n en madera. Es prodigioso. M\u00e1s a\u00fan si tenemos en cuenta que, al plantar un bosque, es durante los primeros 20 a\u00f1os, en la fase de crecimiento de los \u00e1rboles, cuando m\u00e1s co2 absorben.<\/p>\n<p style=\"text-align: justify;\">L\u00e9lia y yo, junto con nuestros colegas del Instituto Terra, hemos plantado dos millones de \u00e1rboles. Hemos calculado que, hasta la fecha, hemos transformado 97.000 toneladas de di\u00f3xido de carbono. Pero cada uno de nosotros en su \u00e1mbito puede hacer algo. Basta con sentir que esto nos concierne. Ni L\u00e9lia ni yo somos ricos. Nos refugiamos en Francia, hemos trabajado. La suerte en ocasiones nos ha ayudado y nos sentimos ahora orgullosos de poder reforestar este bosque, gracias al fruto de nuestro trabajo y gracias a todos aquellos que nos han ayudado. Aunque sobre todo gracias a nuestra energ\u00eda. Una energ\u00eda que proviene de una certeza: mirar hacia el planeta es el \u00fanico. modo de vivir mejor. El mundo moderno urbanizado, lleno de normas y leyes, es castrador. Solo en la naturaleza recuperamos un poco de libertad. Esto fue lo que quisimos mostrar con <em>G\u00e9nesis<\/em>, con los dos libros y la serie de exposiciones en todo el mundo.<\/p>\n<p style=\"text-align: justify;\">Es curioso c\u00f3mo hemos llegado hasta la problem\u00e1tica del medio ambiente. En ocasiones me pregunto cu\u00e1l ha sido el motivo. La respuesta est\u00e1 en la \u00e9poca en la que vivimos. Al igual que a\u00f1os antes, los diferentes momentos de la historia nos condujeron a las transformaciones industriales, despu\u00e9s a las migraciones. Para L\u00e9lia y para m\u00ed siempre ser\u00e1 fundamental llevar una vida que participe de su \u00e9poca. Ser activos. Al final, cuando nos preguntamos c\u00f3mo hemos llegado hasta aqu\u00ed, al mirar atr\u00e1s nos damos cuenta de que simplemente la vida nos ha llevado hasta donde estamos.<\/p>\n<p style=\"text-align: justify;\">Para m\u00ed, la fotograf\u00eda no es una militancia ni una profesi\u00f3n. Es mi vida. Adoro la fotograf\u00eda, hacer fotos, sostener mi c\u00e1mara entre las manos, estudiar los encuadres, jugar con la luz. Me encanta vivir con la gente, observar las comunidades, ahora tambi\u00e9n los animales, los \u00e1rboles, las piedras. Mi fotograf\u00eda es todo eso y no puedo decir que sean decisiones racionales las que me llevan a mirar en una u otra direcci\u00f3n. Es algo que viene de lo m\u00e1s profundo de m\u00ed. Y constantemente, el deseo de hacer fotograf\u00edas me impulsa a partir de nuevo. A ir a ver otros lugares. A buscar otras im\u00e1genes. A seguir haciendo siempre nuevas fotograf\u00edas.<\/p>\n<p>&nbsp;<\/p>\n<p>&nbsp;<\/p>\n","protected":false},"excerpt":{"rendered":"<p><span class=\"autor autor_home\">Sebastiao Salgado<\/span>   En mayo (2025) mor\u00eda Sebasti\u00e2o Salgado, el fot\u00f3grafo brasile\u00f1o que a trav\u00e9s de su obra document\u00f3 los grandes retos contempor\u00e1neos: migraciones, trabajo, medio ambiente&#8230; No hac\u00eda mucho que hab\u00edamos podido disfrutar de Amazonia, su \u00faltima exposici\u00f3n. Bell\u00edsima, impactante. A modo de homenaje, compartimos algunos fragmentos finales del libro autobiogr\u00e1fico: De mi tierra a la Tierra. Memorias (La F\u00e1brica, 2023. 164 p.) Un libro que vale la pena saborear de principio a fin.<\/p>\n","protected":false},"author":1,"featured_media":73511,"comment_status":"closed","ping_status":"closed","sticky":false,"template":"","format":"standard","meta":{"_acf_changed":false,"footnotes":""},"categories":[156,145,157],"tags":[],"post_series":[],"class_list":["post-73524","post","type-post","status-publish","format-standard","has-post-thumbnail","hentry","category-arte-y-poesia","category-articulos","category-entrevistas-y-retratos","entry","has-media"],"acf":[],"_links":{"self":[{"href":"https:\/\/cetr.net\/es\/wp-json\/wp\/v2\/posts\/73524","targetHints":{"allow":["GET"]}}],"collection":[{"href":"https:\/\/cetr.net\/es\/wp-json\/wp\/v2\/posts"}],"about":[{"href":"https:\/\/cetr.net\/es\/wp-json\/wp\/v2\/types\/post"}],"author":[{"embeddable":true,"href":"https:\/\/cetr.net\/es\/wp-json\/wp\/v2\/users\/1"}],"replies":[{"embeddable":true,"href":"https:\/\/cetr.net\/es\/wp-json\/wp\/v2\/comments?post=73524"}],"version-history":[{"count":4,"href":"https:\/\/cetr.net\/es\/wp-json\/wp\/v2\/posts\/73524\/revisions"}],"predecessor-version":[{"id":73528,"href":"https:\/\/cetr.net\/es\/wp-json\/wp\/v2\/posts\/73524\/revisions\/73528"}],"wp:featuredmedia":[{"embeddable":true,"href":"https:\/\/cetr.net\/es\/wp-json\/wp\/v2\/media\/73511"}],"wp:attachment":[{"href":"https:\/\/cetr.net\/es\/wp-json\/wp\/v2\/media?parent=73524"}],"wp:term":[{"taxonomy":"category","embeddable":true,"href":"https:\/\/cetr.net\/es\/wp-json\/wp\/v2\/categories?post=73524"},{"taxonomy":"post_tag","embeddable":true,"href":"https:\/\/cetr.net\/es\/wp-json\/wp\/v2\/tags?post=73524"},{"taxonomy":"post_series","embeddable":true,"href":"https:\/\/cetr.net\/es\/wp-json\/wp\/v2\/post_series?post=73524"}],"curies":[{"name":"wp","href":"https:\/\/api.w.org\/{rel}","templated":true}]}}