{"id":74319,"date":"2026-03-11T19:06:12","date_gmt":"2026-03-11T18:06:12","guid":{"rendered":"https:\/\/cetr.net\/?p=74319"},"modified":"2026-03-26T14:41:25","modified_gmt":"2026-03-26T13:41:25","slug":"sociedad-del-conocimiento-interdependencia-y-futuro-comun","status":"publish","type":"post","link":"https:\/\/cetr.net\/es\/sociedad-del-conocimiento-interdependencia-y-futuro-comun\/","title":{"rendered":"Sociedad del Conocimiento: interdependencia y futuro com\u00fan."},"content":{"rendered":"<p>Te has preguntado alguna vez c\u00f3mo vivir en este mundo tan acelerado, hiperconectado y tecnocient\u00edfico? En una era donde todo cambia a una velocidad vertiginosa, \u00bfpodemos escoger otra manera de ser, de pensar y de relacionarnos? En este curso exploraremos las claves para entender las nuevas sociedades del conocimiento y c\u00f3mo nuestra supervivencia como especie est\u00e1 estrechamente ligada a c\u00f3mo nos relacionamos con los dem\u00e1s y con el planeta. Nos adentraremos en el concepto de interdependencia: no como una debilidad, sino como una fuerza radical para imaginar formas de vida m\u00e1s justas, sostenibles y llenas de sentido.<\/p>\n[vc_empty_space][vc_text_separator title=\u00bb1\u00aa Clase\u00bb &#8211; title_align=\u00bbseparator_align_left\u00bb]\n<ul>\n<li><a href=\"https:\/\/youtu.be\/DOiS3zzBRU4\">https:\/\/youtu.be\/DOiS3zzBRU4<\/a><\/li>\n<\/ul>\n[vc_empty_space][vc_text_separator title=\u00bb2\u00aa Clase\u00bb &#8211; title_align=\u00bbseparator_align_left\u00bb]\n<ul>\n<li><a href=\"https:\/\/youtu.be\/mV0s2yr4zRk\">https:\/\/youtu.be\/mV0s2yr4zRk<\/a><\/li>\n<\/ul>\n[vc_empty_space][vc_text_separator title=\u00bb3\u00aa Clase\u00bb &#8211; title_align=\u00bbseparator_align_left\u00bb]\n<ul>\n<li><a href=\"https:\/\/youtu.be\/w8dDUkK_C68\">https:\/\/youtu.be\/w8dDUkK_C68<\/a><\/li>\n<\/ul>\n","protected":false},"excerpt":{"rendered":"<p>Te has preguntado alguna vez c\u00f3mo vivir en este mundo tan acelerado, hiperconectado y tecnocient\u00edfico? En una era donde todo cambia a una velocidad vertiginosa, \u00bfpodemos escoger otra manera de ser, de pensar y de relacionarnos? En este curso exploraremos las claves para entender las nuevas sociedades del conocimiento y c\u00f3mo nuestra supervivencia como especie est\u00e1 estrechamente ligada a c\u00f3mo nos relacionamos con los dem\u00e1s y con el planeta. Nos adentraremos en el concepto de interdependencia: no como una debilidad, sino como una fuerza radical para imaginar formas de vida m\u00e1s justas, sostenibles y llenas de sentido.<\/p>\n","protected":false},"author":1,"featured_media":74316,"comment_status":"closed","ping_status":"closed","sticky":false,"template":"","format":"standard","meta":{"_acf_changed":false,"footnotes":""},"categories":[529,151,460,380],"tags":[],"post_series":[],"class_list":["post-74319","post","type-post","status-publish","format-standard","has-post-thumbnail","hentry","category-altres-articles-es","category-cursos-online-es","category-cursos-online-es-2","category-otros","entry","has-media"],"acf":[],"_links":{"self":[{"href":"https:\/\/cetr.net\/es\/wp-json\/wp\/v2\/posts\/74319","targetHints":{"allow":["GET"]}}],"collection":[{"href":"https:\/\/cetr.net\/es\/wp-json\/wp\/v2\/posts"}],"about":[{"href":"https:\/\/cetr.net\/es\/wp-json\/wp\/v2\/types\/post"}],"author":[{"embeddable":true,"href":"https:\/\/cetr.net\/es\/wp-json\/wp\/v2\/users\/1"}],"replies":[{"embeddable":true,"href":"https:\/\/cetr.net\/es\/wp-json\/wp\/v2\/comments?post=74319"}],"version-history":[{"count":5,"href":"https:\/\/cetr.net\/es\/wp-json\/wp\/v2\/posts\/74319\/revisions"}],"predecessor-version":[{"id":74338,"href":"https:\/\/cetr.net\/es\/wp-json\/wp\/v2\/posts\/74319\/revisions\/74338"}],"wp:featuredmedia":[{"embeddable":true,"href":"https:\/\/cetr.net\/es\/wp-json\/wp\/v2\/media\/74316"}],"wp:attachment":[{"href":"https:\/\/cetr.net\/es\/wp-json\/wp\/v2\/media?parent=74319"}],"wp:term":[{"taxonomy":"category","embeddable":true,"href":"https:\/\/cetr.net\/es\/wp-json\/wp\/v2\/categories?post=74319"},{"taxonomy":"post_tag","embeddable":true,"href":"https:\/\/cetr.net\/es\/wp-json\/wp\/v2\/tags?post=74319"},{"taxonomy":"post_series","embeddable":true,"href":"https:\/\/cetr.net\/es\/wp-json\/wp\/v2\/post_series?post=74319"}],"curies":[{"name":"wp","href":"https:\/\/api.w.org\/{rel}","templated":true}]}}